{"id":317119,"date":"2023-12-18T15:00:25","date_gmt":"2023-12-18T12:00:25","guid":{"rendered":"https:\/\/sana.sy\/es\/?p=317119"},"modified":"2023-12-18T15:00:25","modified_gmt":"2023-12-18T12:00:25","slug":"finalizan-obras-de-rehabilitacion-de-210-escuelas-en-alepo","status":"publish","type":"post","link":"https:\/\/archive.sana.sy\/es\/?p=317119","title":{"rendered":"Finalizan obras de rehabilitaci\u00f3n de 210 escuelas en Alepo \u00a0"},"content":{"rendered":"<p style=\"text-align: justify;\"><span style=\"color: #800000;\"><strong>Alepo, 18 dic (SANA)\u00a0<\/strong><\/span> La Direcci\u00f3n de Educaci\u00f3n finaliz\u00f3 las obras de rehabilitaci\u00f3n y mantenimiento de 210 escuelas en la provincia de Alepo, que fueron da\u00f1ados como resultado de los ataques terroristas y el desastre del terremoto que azot\u00f3 Siria en febrero pasado.<\/p>\n<p style=\"text-align: justify;\">Los trabajos de restauraci\u00f3n incluyeron la remoci\u00f3n de escombros, la construcci\u00f3n de muros, la instalaci\u00f3n de baldosa, puertas y ventanas, y otros.<\/p>\n<p style=\"text-align: justify;\">El director de Educaci\u00f3n, Mustafa Abdulghani, explic\u00f3 a SANA que los trabajos de rehabilitaci\u00f3n se llevaron a cabo en cooperaci\u00f3n con organizaciones internacionales y con la sociedad civil.<\/p>\n<p style=\"text-align: justify;\">Abdulghani indic\u00f3 que el n\u00famero de escuelas en funci\u00f3n en la ciudad de Alepo y su campo asciende a 1881, y cuentan con m\u00e1s de 600.000 estudiantes.<\/p>\n<p style=\"text-align: justify;\">El jefe del Departamento de Planificaci\u00f3n y Cooperaci\u00f3n Internacional de Educaci\u00f3n de Alepo, Firas Al-Ali, afirm\u00f3 que se trabaja actualmente para la restauraci\u00f3n de otras 52 escuelas en esta gobernaci\u00f3n norte\u00f1a.<\/p>\n<div id='gallery-1' class='gallery galleryid-317119 gallery-columns-2 gallery-size-medium'><figure class='gallery-item'>\n\t\t\t<div class='gallery-icon landscape'>\n\t\t\t\t<a href='https:\/\/archive.sana.sy\/es\/wp-content\/uploads\/2023\/12\/2-1-scaled.jpg'><img loading=\"lazy\" decoding=\"async\" width=\"300\" height=\"204\" src=\"https:\/\/archive.sana.sy\/es\/wp-content\/uploads\/2023\/12\/2-1-300x204.jpg\" class=\"attachment-medium size-medium\" alt=\"\" srcset=\"https:\/\/archive.sana.sy\/es\/wp-content\/uploads\/2023\/12\/2-1-300x204.jpg 300w, https:\/\/archive.sana.sy\/es\/wp-content\/uploads\/2023\/12\/2-1-1024x696.jpg 1024w, https:\/\/archive.sana.sy\/es\/wp-content\/uploads\/2023\/12\/2-1-150x102.jpg 150w, https:\/\/archive.sana.sy\/es\/wp-content\/uploads\/2023\/12\/2-1-768x522.jpg 768w, https:\/\/archive.sana.sy\/es\/wp-content\/uploads\/2023\/12\/2-1-1536x1044.jpg 1536w, https:\/\/archive.sana.sy\/es\/wp-content\/uploads\/2023\/12\/2-1-2048x1393.jpg 2048w, https:\/\/archive.sana.sy\/es\/wp-content\/uploads\/2023\/12\/2-1-110x75.jpg 110w\" sizes=\"(max-width: 300px) 100vw, 300px\" \/><\/a>\n\t\t\t<\/div><\/figure><figure class='gallery-item'>\n\t\t\t<div class='gallery-icon landscape'>\n\t\t\t\t<a href='https:\/\/archive.sana.sy\/es\/wp-content\/uploads\/2023\/12\/2-5-1-scaled.jpg'><img loading=\"lazy\" decoding=\"async\" width=\"300\" height=\"202\" src=\"https:\/\/archive.sana.sy\/es\/wp-content\/uploads\/2023\/12\/2-5-1-300x202.jpg\" class=\"attachment-medium size-medium\" alt=\"\" srcset=\"https:\/\/archive.sana.sy\/es\/wp-content\/uploads\/2023\/12\/2-5-1-300x202.jpg 300w, https:\/\/archive.sana.sy\/es\/wp-content\/uploads\/2023\/12\/2-5-1-1024x688.jpg 1024w, https:\/\/archive.sana.sy\/es\/wp-content\/uploads\/2023\/12\/2-5-1-150x101.jpg 150w, https:\/\/archive.sana.sy\/es\/wp-content\/uploads\/2023\/12\/2-5-1-768x516.jpg 768w, https:\/\/archive.sana.sy\/es\/wp-content\/uploads\/2023\/12\/2-5-1-1536x1032.jpg 1536w, https:\/\/archive.sana.sy\/es\/wp-content\/uploads\/2023\/12\/2-5-1-2048x1376.jpg 2048w, https:\/\/archive.sana.sy\/es\/wp-content\/uploads\/2023\/12\/2-5-1-110x75.jpg 110w\" sizes=\"(max-width: 300px) 100vw, 300px\" \/><\/a>\n\t\t\t<\/div><\/figure><figure class='gallery-item'>\n\t\t\t<div class='gallery-icon landscape'>\n\t\t\t\t<a href='https:\/\/archive.sana.sy\/es\/wp-content\/uploads\/2023\/12\/2-7-scaled.jpg'><img loading=\"lazy\" decoding=\"async\" width=\"300\" height=\"216\" src=\"https:\/\/archive.sana.sy\/es\/wp-content\/uploads\/2023\/12\/2-7-300x216.jpg\" class=\"attachment-medium size-medium\" alt=\"\" srcset=\"https:\/\/archive.sana.sy\/es\/wp-content\/uploads\/2023\/12\/2-7-300x216.jpg 300w, https:\/\/archive.sana.sy\/es\/wp-content\/uploads\/2023\/12\/2-7-1024x739.jpg 1024w, https:\/\/archive.sana.sy\/es\/wp-content\/uploads\/2023\/12\/2-7-150x108.jpg 150w, https:\/\/archive.sana.sy\/es\/wp-content\/uploads\/2023\/12\/2-7-768x554.jpg 768w, https:\/\/archive.sana.sy\/es\/wp-content\/uploads\/2023\/12\/2-7-1536x1108.jpg 1536w, https:\/\/archive.sana.sy\/es\/wp-content\/uploads\/2023\/12\/2-7-2048x1477.jpg 2048w\" sizes=\"(max-width: 300px) 100vw, 300px\" \/><\/a>\n\t\t\t<\/div><\/figure><figure class='gallery-item'>\n\t\t\t<div class='gallery-icon landscape'>\n\t\t\t\t<a href='https:\/\/archive.sana.sy\/es\/wp-content\/uploads\/2023\/12\/2-8-scaled.jpg'><img loading=\"lazy\" decoding=\"async\" width=\"300\" height=\"219\" src=\"https:\/\/archive.sana.sy\/es\/wp-content\/uploads\/2023\/12\/2-8-300x219.jpg\" class=\"attachment-medium size-medium\" alt=\"\" srcset=\"https:\/\/archive.sana.sy\/es\/wp-content\/uploads\/2023\/12\/2-8-300x219.jpg 300w, https:\/\/archive.sana.sy\/es\/wp-content\/uploads\/2023\/12\/2-8-1024x748.jpg 1024w, https:\/\/archive.sana.sy\/es\/wp-content\/uploads\/2023\/12\/2-8-150x110.jpg 150w, https:\/\/archive.sana.sy\/es\/wp-content\/uploads\/2023\/12\/2-8-768x561.jpg 768w, https:\/\/archive.sana.sy\/es\/wp-content\/uploads\/2023\/12\/2-8-1536x1122.jpg 1536w, https:\/\/archive.sana.sy\/es\/wp-content\/uploads\/2023\/12\/2-8-2048x1497.jpg 2048w\" sizes=\"(max-width: 300px) 100vw, 300px\" \/><\/a>\n\t\t\t<\/div><\/figure>\n\t\t<\/div>\n\n<p>rr<\/p>\n","protected":false},"excerpt":{"rendered":"<p>Alepo, 18 dic (SANA)\u00a0 La Direcci\u00f3n de Educaci\u00f3n finaliz\u00f3 las obras de rehabilitaci\u00f3n y mantenimiento de 210 escuelas en la provincia de Alepo, que fueron da\u00f1ados como resultado de los ataques terroristas y el desastre del terremoto que azot\u00f3 Siria en febrero pasado. Los trabajos de restauraci\u00f3n incluyeron la remoci\u00f3n de escombros, la construcci\u00f3n de &hellip;<\/p>\n","protected":false},"author":31,"featured_media":317120,"comment_status":"closed","ping_status":"closed","sticky":false,"template":"","format":"standard","meta":{"footnotes":""},"categories":[597,476,7541],"tags":[2626,19709,6553],"class_list":["post-317119","post","type-post","status-publish","format-standard","has-post-thumbnail","","category-cinta-de-noticias","category-locales","category-ultimas-noticias","tag-alepo","tag-escuelas","tag-siria"],"_links":{"self":[{"href":"https:\/\/archive.sana.sy\/es\/index.php?rest_route=\/wp\/v2\/posts\/317119"}],"collection":[{"href":"https:\/\/archive.sana.sy\/es\/index.php?rest_route=\/wp\/v2\/posts"}],"about":[{"href":"https:\/\/archive.sana.sy\/es\/index.php?rest_route=\/wp\/v2\/types\/post"}],"author":[{"embeddable":true,"href":"https:\/\/archive.sana.sy\/es\/index.php?rest_route=\/wp\/v2\/users\/31"}],"replies":[{"embeddable":true,"href":"https:\/\/archive.sana.sy\/es\/index.php?rest_route=%2Fwp%2Fv2%2Fcomments&post=317119"}],"version-history":[{"count":1,"href":"https:\/\/archive.sana.sy\/es\/index.php?rest_route=\/wp\/v2\/posts\/317119\/revisions"}],"predecessor-version":[{"id":317126,"href":"https:\/\/archive.sana.sy\/es\/index.php?rest_route=\/wp\/v2\/posts\/317119\/revisions\/317126"}],"wp:featuredmedia":[{"embeddable":true,"href":"https:\/\/archive.sana.sy\/es\/index.php?rest_route=\/wp\/v2\/media\/317120"}],"wp:attachment":[{"href":"https:\/\/archive.sana.sy\/es\/index.php?rest_route=%2Fwp%2Fv2%2Fmedia&parent=317119"}],"wp:term":[{"taxonomy":"category","embeddable":true,"href":"https:\/\/archive.sana.sy\/es\/index.php?rest_route=%2Fwp%2Fv2%2Fcategories&post=317119"},{"taxonomy":"post_tag","embeddable":true,"href":"https:\/\/archive.sana.sy\/es\/index.php?rest_route=%2Fwp%2Fv2%2Ftags&post=317119"}],"curies":[{"name":"wp","href":"https:\/\/api.w.org\/{rel}","templated":true}]}}