{"id":317127,"date":"2023-12-18T15:54:52","date_gmt":"2023-12-18T12:54:52","guid":{"rendered":"https:\/\/sana.sy\/es\/?p=317127"},"modified":"2023-12-18T16:43:57","modified_gmt":"2023-12-18T13:43:57","slug":"presidente-al-assad-el-apego-a-las-causas-protege-los-pueblos-y-las-naciones","status":"publish","type":"post","link":"https:\/\/archive.sana.sy\/es\/?p=317127","title":{"rendered":"Presidente Al-Assad: El apego a las causas protege los pueblos y las naciones"},"content":{"rendered":"<p style=\"text-align: justify;\"><span style=\"color: #800000;\"><strong>Damasco, 18 dic (SANA)\u00a0<\/strong><\/span> El presidente de Siria, Bashar Al-Assad, afirm\u00f3 que la guerra en la actualidad es una guerra de la verdad, y lo ocurrido en Palestina rompi\u00f3 la hegemon\u00eda sionista a nivel mundial.<\/p>\n<p style=\"text-align: justify;\">Esta postura de Al-Assad fue expresada en su intervenci\u00f3n en la sesi\u00f3n del Comit\u00e9 Central del partido Baath \u00c1rabe Socialista, que se celebra para estudiar la propuesta presentada sobre la celebraci\u00f3n de elecciones especiales para elegir a los representantes del Partido para la pr\u00f3xima reuni\u00f3n ampliada del Comit\u00e9 Central.<\/p>\n<p style=\"text-align: justify;\">Indic\u00f3 que lo que ocurre en Gaza cambi\u00f3 los hechos hist\u00f3ricos durante muchos a\u00f1os y tal vez generaciones.<\/p>\n<p style=\"text-align: justify;\">\u201cEl punto m\u00e1s crucial en esta guerra es que el sionismo internacional, que impuso su versi\u00f3n sobre lo sucedido en Palestina durante siete d\u00e9cadas, pierde por primera vez el dominio en su basti\u00f3n m\u00e1s importante; Estados Unidos, donde los estadounidenses tienen muchas dudas sobre las narrativas sionistas\u201d, precis\u00f3 el mandatario.<\/p>\n<p style=\"text-align: justify;\">El mandatario aclar\u00f3 que las guerras en Siria, Palestina, Ucrania, Mar Meridional de China, Venezuela y en otros lugares, es decir, todas las guerras de Occidente, en particular Estados Unidos, se basan en hoy en d\u00eda en dominar la \u201cverdad\u201d, aunque sea a veces falsa.<\/p>\n<p style=\"text-align: justify;\">\u201cHoy la guerra es la guerra de la verdad, y quien gana la verdad es el que gana la guerra y la batalla\u201d, detall\u00f3.<\/p>\n<p style=\"text-align: justify;\">Opin\u00f3 que todo el mundo cree que el Occidente derrot\u00f3 al nazismo en el \u201cdesembarco de Normand\u00eda\u201d, sin embargo, pocos saben que la derrota de Hitler comenz\u00f3 en 1941 en los muros de Mosc\u00fa, casi dos a\u00f1os despu\u00e9s del inicio de la guerra.<\/p>\n<p style=\"text-align: justify;\">\u201cLas potencias occidentales, especialmente Estados Unidos, no estaban tomando ninguna medida contra el nazismo, y Stalin estaba pidiendo a Estados Unidos que interviniera, pero se negaron porque quer\u00eda que el nazismo y el comunismo se destruyeran entre s\u00ed, para que Estados Unidos controlara Europa\u201d, se\u00f1al\u00f3.<\/p>\n<p style=\"text-align: justify;\">El Gobernante puntualiz\u00f3 que lo que pas\u00f3 durante los \u00faltimos a\u00f1os, es que la cuesti\u00f3n palestina recuper\u00f3 su estatus internacional, su estatus antes de Oslo y antes del pro ceso de paz. \u201cActualmente, la cuesti\u00f3n palestina ha sido revivida, ha vuelto a ser \u00a8un ocupante luchando contra el due\u00f1o de la tierra\u00a8. \u00c9sta es la esencia de la cuesti\u00f3n\u201d, indic\u00f3.<\/p>\n<p style=\"text-align: justify;\">\u201cEl otro punto importante es la superioridad palestina en la difusi\u00f3n de la verdad y la informaci\u00f3n, a pesar de que incluso la electricidad, internet y las comunicaciones est\u00e1n prohibidas en ese pa\u00eds, pero en realidad este pueblo llev\u00f3 a cabo un trabajo medi\u00e1tico impresionante\u201d, subray\u00f3.<\/p>\n<p style=\"text-align: justify;\">Destac\u00f3 que \u201cdefender la resistencia es un principio sirio que demostr\u00f3 veracidad, ya que defenderla significa defender la patria, porque hoy Gaza defiende Palestina, Siria y a todos los pa\u00edses \u00e1rabes. Lo mismo se aplica a la resistencia en el L\u00edbano que defiende el L\u00edbano, Siria y los \u00e1rabes\u201d.<\/p>\n<p style=\"text-align: justify;\">La guerra de Palestina demostr\u00f3 que la tecnolog\u00eda es m\u00e1s importante que las armas, que la ideolog\u00eda es m\u00e1s fuerte que la crueldad del terrorismo, que el ataque es el mejor medio de defensa, que lo que se tom\u00f3 por la fuerza s\u00f3lo puede recuperarse por la fuerza, y que rendirse a los enemigos no es una opci\u00f3n sino m\u00e1s bien un suicidio, concluy\u00f3.<\/p>\n<p style=\"text-align: justify;\">rr\/fm<\/p>\n","protected":false},"excerpt":{"rendered":"<p>Damasco, 18 dic (SANA)\u00a0 El presidente de Siria, Bashar Al-Assad, afirm\u00f3 que la guerra en la actualidad es una guerra de la verdad, y lo ocurrido en Palestina rompi\u00f3 la hegemon\u00eda sionista a nivel mundial. Esta postura de Al-Assad fue expresada en su intervenci\u00f3n en la sesi\u00f3n del Comit\u00e9 Central del partido Baath \u00c1rabe Socialista, &hellip;<\/p>\n","protected":false},"author":31,"featured_media":317128,"comment_status":"closed","ping_status":"closed","sticky":false,"template":"","format":"standard","meta":{"footnotes":""},"categories":[597,476,16237,583],"tags":[17875,7161,8882,6553],"class_list":["post-317127","post","type-post","status-publish","format-standard","has-post-thumbnail","","category-cinta-de-noticias","category-locales","category-presidence-de-la-republique-arabe-syria","category-slide","tag-assad","tag-damasco","tag-presidente","tag-siria"],"_links":{"self":[{"href":"https:\/\/archive.sana.sy\/es\/index.php?rest_route=\/wp\/v2\/posts\/317127"}],"collection":[{"href":"https:\/\/archive.sana.sy\/es\/index.php?rest_route=\/wp\/v2\/posts"}],"about":[{"href":"https:\/\/archive.sana.sy\/es\/index.php?rest_route=\/wp\/v2\/types\/post"}],"author":[{"embeddable":true,"href":"https:\/\/archive.sana.sy\/es\/index.php?rest_route=\/wp\/v2\/users\/31"}],"replies":[{"embeddable":true,"href":"https:\/\/archive.sana.sy\/es\/index.php?rest_route=%2Fwp%2Fv2%2Fcomments&post=317127"}],"version-history":[{"count":4,"href":"https:\/\/archive.sana.sy\/es\/index.php?rest_route=\/wp\/v2\/posts\/317127\/revisions"}],"predecessor-version":[{"id":317133,"href":"https:\/\/archive.sana.sy\/es\/index.php?rest_route=\/wp\/v2\/posts\/317127\/revisions\/317133"}],"wp:featuredmedia":[{"embeddable":true,"href":"https:\/\/archive.sana.sy\/es\/index.php?rest_route=\/wp\/v2\/media\/317128"}],"wp:attachment":[{"href":"https:\/\/archive.sana.sy\/es\/index.php?rest_route=%2Fwp%2Fv2%2Fmedia&parent=317127"}],"wp:term":[{"taxonomy":"category","embeddable":true,"href":"https:\/\/archive.sana.sy\/es\/index.php?rest_route=%2Fwp%2Fv2%2Fcategories&post=317127"},{"taxonomy":"post_tag","embeddable":true,"href":"https:\/\/archive.sana.sy\/es\/index.php?rest_route=%2Fwp%2Fv2%2Ftags&post=317127"}],"curies":[{"name":"wp","href":"https:\/\/api.w.org\/{rel}","templated":true}]}}