{"id":317147,"date":"2023-12-18T07:15:24","date_gmt":"2023-12-18T04:15:24","guid":{"rendered":"https:\/\/sana.sy\/es\/?p=317147"},"modified":"2023-12-18T18:17:51","modified_gmt":"2023-12-18T15:17:51","slug":"el-papa-francisco-califica-de-terrorismo-los-ataques-de-israel-en-gaza","status":"publish","type":"post","link":"https:\/\/archive.sana.sy\/es\/?p=317147","title":{"rendered":"El papa Francisco califica de &#8220;terrorismo&#8221; los ataques de &#8220;Israel&#8221; en Gaza"},"content":{"rendered":"<blockquote>\n<p style=\"text-align: justify;\"><span style=\"color: #993300;\"><strong>&#8220;Civiles desarmados est\u00e1n siendo bombardeados y tiroteados&#8221;, record\u00f3 el sumo pont\u00edfice.<\/strong><\/span><\/p>\n<\/blockquote>\n<p style=\"text-align: justify;\"><span style=\"color: #800000;\"><strong>Vaticano, 18 dic (SANA)\u00a0<\/strong><\/span> \u00a0El papa Francisco volvi\u00f3 a rezar el domingo por la paz en la Tierra tras el ataque de las fuerzas israel\u00edes contra la parroquia latina de la Sagrada Familia en la ciudad de Gaza, donde dos mujeres perdieron la vida.<\/p>\n<p style=\"text-align: justify;\">&#8220;Sigo recibiendo noticias muy graves y dolorosas de Gaza. Civiles desarmados est\u00e1n siendo bombardeados y tiroteados. Y esto ha ocurrido hasta dentro del recinto parroquial de la Sagrada Familia donde hay familias, ni\u00f1os, enfermos y discapacitados, monjas&#8221;, cit\u00f3 RT a la declaraci\u00f3n del sumo pont\u00edfice.<\/p>\n<p style=\"text-align: justify;\">&#8220;Una madre y su hija fueron asesinadas y otras personas fueron heridas por francotiradores cuando iban al ba\u00f1o&#8221;, dijo el papa Francisco ante los feligreses, agregando que el ataque tambi\u00e9n ocasion\u00f3 da\u00f1os en la casa de las Hermanas de la Madre Teresa y su generador de electricidad.<\/p>\n<p style=\"text-align: justify;\">&#8220;Les pido que recen ante el pesebre por los ni\u00f1os que vivir\u00e1n una Navidad dif\u00edcil, en lugares de guerra, en campos de refugiados, en situaciones de gran miseria&#8221;, a\u00f1adi\u00f3.<\/p>\n<p style=\"text-align: justify;\">rr<\/p>\n","protected":false},"excerpt":{"rendered":"<p>&#8220;Civiles desarmados est\u00e1n siendo bombardeados y tiroteados&#8221;, record\u00f3 el sumo pont\u00edfice. Vaticano, 18 dic (SANA)\u00a0 \u00a0El papa Francisco volvi\u00f3 a rezar el domingo por la paz en la Tierra tras el ataque de las fuerzas israel\u00edes contra la parroquia latina de la Sagrada Familia en la ciudad de Gaza, donde dos mujeres perdieron la vida. &hellip;<\/p>\n","protected":false},"author":31,"featured_media":317150,"comment_status":"closed","ping_status":"closed","sticky":false,"template":"","format":"standard","meta":{"footnotes":""},"categories":[597,456,16687,7541],"tags":[],"class_list":["post-317147","post","type-post","status-publish","format-standard","has-post-thumbnail","","category-cinta-de-noticias","category-arabe-internacional-politica","category-internacionales","category-ultimas-noticias"],"_links":{"self":[{"href":"https:\/\/archive.sana.sy\/es\/index.php?rest_route=\/wp\/v2\/posts\/317147"}],"collection":[{"href":"https:\/\/archive.sana.sy\/es\/index.php?rest_route=\/wp\/v2\/posts"}],"about":[{"href":"https:\/\/archive.sana.sy\/es\/index.php?rest_route=\/wp\/v2\/types\/post"}],"author":[{"embeddable":true,"href":"https:\/\/archive.sana.sy\/es\/index.php?rest_route=\/wp\/v2\/users\/31"}],"replies":[{"embeddable":true,"href":"https:\/\/archive.sana.sy\/es\/index.php?rest_route=%2Fwp%2Fv2%2Fcomments&post=317147"}],"version-history":[{"count":1,"href":"https:\/\/archive.sana.sy\/es\/index.php?rest_route=\/wp\/v2\/posts\/317147\/revisions"}],"predecessor-version":[{"id":317149,"href":"https:\/\/archive.sana.sy\/es\/index.php?rest_route=\/wp\/v2\/posts\/317147\/revisions\/317149"}],"wp:featuredmedia":[{"embeddable":true,"href":"https:\/\/archive.sana.sy\/es\/index.php?rest_route=\/wp\/v2\/media\/317150"}],"wp:attachment":[{"href":"https:\/\/archive.sana.sy\/es\/index.php?rest_route=%2Fwp%2Fv2%2Fmedia&parent=317147"}],"wp:term":[{"taxonomy":"category","embeddable":true,"href":"https:\/\/archive.sana.sy\/es\/index.php?rest_route=%2Fwp%2Fv2%2Fcategories&post=317147"},{"taxonomy":"post_tag","embeddable":true,"href":"https:\/\/archive.sana.sy\/es\/index.php?rest_route=%2Fwp%2Fv2%2Ftags&post=317147"}],"curies":[{"name":"wp","href":"https:\/\/api.w.org\/{rel}","templated":true}]}}