{"id":317176,"date":"2023-12-19T12:11:27","date_gmt":"2023-12-19T09:11:27","guid":{"rendered":"https:\/\/sana.sy\/es\/?p=317176"},"modified":"2023-12-19T12:13:42","modified_gmt":"2023-12-19T09:13:42","slug":"corea-del-norte-prueba-su-misil-balistico-mas-avanzado-fotos","status":"publish","type":"post","link":"https:\/\/archive.sana.sy\/es\/?p=317176","title":{"rendered":"Corea del Norte prueba su misil bal\u00edstico m\u00e1s avanzado (+ fotos)"},"content":{"rendered":"<p style=\"text-align: justify;\"><span style=\"color: #800000;\"><strong>Pyongyang, 19 dic (SANA)<\/strong><\/span> El presidente de la Rep\u00fablica Popular Democr\u00e1tica de Corea, Kim Jong-un, amenaz\u00f3 con m\u00e1s acciones ofensivas para repeler las crecientes amenazas militares de parte de Estados Unidos.<\/p>\n<p style=\"text-align: justify;\">Esta advertencia la hizo despu\u00e9s de supervisar la tercera prueba del misil bal\u00edstico m\u00e1s avanzado de su pa\u00eds, dise\u00f1ado para alcanzar el territorio continental estadounidense.<\/p>\n<p style=\"text-align: justify;\">Tras presenciar el lanzamiento del misil bal\u00edstico intercontinental Hwasong-18, Kim declar\u00f3 que la prueba muestra c\u00f3mo podr\u00eda responder Corea del Norte si Estados Unidos tomara &#8220;una decisi\u00f3n equivocada en su contra.<\/p>\n<p style=\"text-align: justify;\">Seg\u00fan el medio, el misil se elev\u00f3 a una altitud m\u00e1xima de unos 6.518 kil\u00f3metros, vol\u00f3 durante 73 minutos y 58 segundos, y aterriz\u00f3 con precisi\u00f3n en las aguas del mar de Jap\u00f3n.<\/p>\n<div id='gallery-1' class='gallery galleryid-317176 gallery-columns-1 gallery-size-full'><figure class='gallery-item'>\n\t\t\t<div class='gallery-icon landscape'>\n\t\t\t\t<a href='https:\/\/archive.sana.sy\/es\/wp-content\/uploads\/2023\/12\/photo_2023-12-19_11-03-04-2.jpg'><img loading=\"lazy\" decoding=\"async\" width=\"900\" height=\"596\" src=\"https:\/\/archive.sana.sy\/es\/wp-content\/uploads\/2023\/12\/photo_2023-12-19_11-03-04-2.jpg\" class=\"attachment-full size-full\" alt=\"\" srcset=\"https:\/\/archive.sana.sy\/es\/wp-content\/uploads\/2023\/12\/photo_2023-12-19_11-03-04-2.jpg 900w, https:\/\/archive.sana.sy\/es\/wp-content\/uploads\/2023\/12\/photo_2023-12-19_11-03-04-2-300x199.jpg 300w, https:\/\/archive.sana.sy\/es\/wp-content\/uploads\/2023\/12\/photo_2023-12-19_11-03-04-2-150x99.jpg 150w, https:\/\/archive.sana.sy\/es\/wp-content\/uploads\/2023\/12\/photo_2023-12-19_11-03-04-2-768x509.jpg 768w, https:\/\/archive.sana.sy\/es\/wp-content\/uploads\/2023\/12\/photo_2023-12-19_11-03-04-2-310x205.jpg 310w\" sizes=\"(max-width: 900px) 100vw, 900px\" \/><\/a>\n\t\t\t<\/div><\/figure><figure class='gallery-item'>\n\t\t\t<div class='gallery-icon landscape'>\n\t\t\t\t<a href='https:\/\/archive.sana.sy\/es\/wp-content\/uploads\/2023\/12\/photo_2023-12-19_12-07-47-1.jpg'><img loading=\"lazy\" decoding=\"async\" width=\"900\" height=\"596\" src=\"https:\/\/archive.sana.sy\/es\/wp-content\/uploads\/2023\/12\/photo_2023-12-19_12-07-47-1.jpg\" class=\"attachment-full size-full\" alt=\"\" srcset=\"https:\/\/archive.sana.sy\/es\/wp-content\/uploads\/2023\/12\/photo_2023-12-19_12-07-47-1.jpg 900w, https:\/\/archive.sana.sy\/es\/wp-content\/uploads\/2023\/12\/photo_2023-12-19_12-07-47-1-300x199.jpg 300w, https:\/\/archive.sana.sy\/es\/wp-content\/uploads\/2023\/12\/photo_2023-12-19_12-07-47-1-150x99.jpg 150w, https:\/\/archive.sana.sy\/es\/wp-content\/uploads\/2023\/12\/photo_2023-12-19_12-07-47-1-768x509.jpg 768w, https:\/\/archive.sana.sy\/es\/wp-content\/uploads\/2023\/12\/photo_2023-12-19_12-07-47-1-310x205.jpg 310w\" sizes=\"(max-width: 900px) 100vw, 900px\" \/><\/a>\n\t\t\t<\/div><\/figure><figure class='gallery-item'>\n\t\t\t<div class='gallery-icon landscape'>\n\t\t\t\t<a href='https:\/\/archive.sana.sy\/es\/wp-content\/uploads\/2023\/12\/\u0635\u0627\u0631\u0648\u062e-\u0628\u0627\u0644\u0633\u062a\u064a-\u0645\u0646-\u0637\u0631\u0627\u0632-\u0647\u0648\u0627\u0633\u0648\u0646-660x330-1.jpg'><img loading=\"lazy\" decoding=\"async\" width=\"660\" height=\"330\" src=\"https:\/\/archive.sana.sy\/es\/wp-content\/uploads\/2023\/12\/\u0635\u0627\u0631\u0648\u062e-\u0628\u0627\u0644\u0633\u062a\u064a-\u0645\u0646-\u0637\u0631\u0627\u0632-\u0647\u0648\u0627\u0633\u0648\u0646-660x330-1.jpg\" class=\"attachment-full size-full\" alt=\"\" srcset=\"https:\/\/archive.sana.sy\/es\/wp-content\/uploads\/2023\/12\/\u0635\u0627\u0631\u0648\u062e-\u0628\u0627\u0644\u0633\u062a\u064a-\u0645\u0646-\u0637\u0631\u0627\u0632-\u0647\u0648\u0627\u0633\u0648\u0646-660x330-1.jpg 660w, https:\/\/archive.sana.sy\/es\/wp-content\/uploads\/2023\/12\/\u0635\u0627\u0631\u0648\u062e-\u0628\u0627\u0644\u0633\u062a\u064a-\u0645\u0646-\u0637\u0631\u0627\u0632-\u0647\u0648\u0627\u0633\u0648\u0646-660x330-1-300x150.jpg 300w, https:\/\/archive.sana.sy\/es\/wp-content\/uploads\/2023\/12\/\u0635\u0627\u0631\u0648\u062e-\u0628\u0627\u0644\u0633\u062a\u064a-\u0645\u0646-\u0637\u0631\u0627\u0632-\u0647\u0648\u0627\u0633\u0648\u0646-660x330-1-150x75.jpg 150w\" sizes=\"(max-width: 660px) 100vw, 660px\" \/><\/a>\n\t\t\t<\/div><\/figure>\n\t\t<\/div>\n\n<p style=\"text-align: justify;\">fm\/as<\/p>\n","protected":false},"excerpt":{"rendered":"<p>Pyongyang, 19 dic (SANA) El presidente de la Rep\u00fablica Popular Democr\u00e1tica de Corea, Kim Jong-un, amenaz\u00f3 con m\u00e1s acciones ofensivas para repeler las crecientes amenazas militares de parte de Estados Unidos. Esta advertencia la hizo despu\u00e9s de supervisar la tercera prueba del misil bal\u00edstico m\u00e1s avanzado de su pa\u00eds, dise\u00f1ado para alcanzar el territorio continental &hellip;<\/p>\n","protected":false},"author":42,"featured_media":317177,"comment_status":"closed","ping_status":"closed","sticky":false,"template":"","format":"standard","meta":{"footnotes":""},"categories":[597,456,16687,20724,7541],"tags":[],"class_list":["post-317176","post","type-post","status-publish","format-standard","has-post-thumbnail","","category-cinta-de-noticias","category-arabe-internacional-politica","category-internacionales","category-minuto-a-minuto","category-ultimas-noticias"],"_links":{"self":[{"href":"https:\/\/archive.sana.sy\/es\/index.php?rest_route=\/wp\/v2\/posts\/317176"}],"collection":[{"href":"https:\/\/archive.sana.sy\/es\/index.php?rest_route=\/wp\/v2\/posts"}],"about":[{"href":"https:\/\/archive.sana.sy\/es\/index.php?rest_route=\/wp\/v2\/types\/post"}],"author":[{"embeddable":true,"href":"https:\/\/archive.sana.sy\/es\/index.php?rest_route=\/wp\/v2\/users\/42"}],"replies":[{"embeddable":true,"href":"https:\/\/archive.sana.sy\/es\/index.php?rest_route=%2Fwp%2Fv2%2Fcomments&post=317176"}],"version-history":[{"count":3,"href":"https:\/\/archive.sana.sy\/es\/index.php?rest_route=\/wp\/v2\/posts\/317176\/revisions"}],"predecessor-version":[{"id":317185,"href":"https:\/\/archive.sana.sy\/es\/index.php?rest_route=\/wp\/v2\/posts\/317176\/revisions\/317185"}],"wp:featuredmedia":[{"embeddable":true,"href":"https:\/\/archive.sana.sy\/es\/index.php?rest_route=\/wp\/v2\/media\/317177"}],"wp:attachment":[{"href":"https:\/\/archive.sana.sy\/es\/index.php?rest_route=%2Fwp%2Fv2%2Fmedia&parent=317176"}],"wp:term":[{"taxonomy":"category","embeddable":true,"href":"https:\/\/archive.sana.sy\/es\/index.php?rest_route=%2Fwp%2Fv2%2Fcategories&post=317176"},{"taxonomy":"post_tag","embeddable":true,"href":"https:\/\/archive.sana.sy\/es\/index.php?rest_route=%2Fwp%2Fv2%2Ftags&post=317176"}],"curies":[{"name":"wp","href":"https:\/\/api.w.org\/{rel}","templated":true}]}}