{"id":317186,"date":"2023-12-19T13:04:02","date_gmt":"2023-12-19T10:04:02","guid":{"rendered":"https:\/\/sana.sy\/es\/?p=317186"},"modified":"2023-12-19T13:04:02","modified_gmt":"2023-12-19T10:04:02","slug":"israel-reanuda-sus-bombardeos-contra-el-sur-del-libano","status":"publish","type":"post","link":"https:\/\/archive.sana.sy\/es\/?p=317186","title":{"rendered":"\u201cIsrael\u201d reanuda sus bombardeos contra el sur del L\u00edbano"},"content":{"rendered":"<p style=\"text-align: justify;\"><span style=\"color: #800000;\"><strong>Beirut, 19 dic (SANA) <\/strong><\/span>El ej\u00e9rcito israel\u00ed atac\u00f3 hoy con ametralladoras pesadas los alrededores de las aldeas de Aita Al-Shaab y Naqoura en el sur del L\u00edbano, segun reportes de la Agencia Nacional Libanesa de Noticias.<\/p>\n<p style=\"text-align: justify;\">El medio agreg\u00f3 que la aviaci\u00f3n de reconocimiento sobrevol\u00f3 las localidades del sur mientras tres proyectiles fueron disparados por los militares israel\u00edes contra una casa en las afueras de la localidad de Maroun Al-Ras.<\/p>\n<p style=\"text-align: justify;\">Anteriormente, las fuerzas sionistas bombardearon con artiller\u00eda las afueras orientales de la localidad de Al-Naqura.<\/p>\n<p style=\"text-align: justify;\">as\/fm<\/p>\n","protected":false},"excerpt":{"rendered":"<p>Beirut, 19 dic (SANA) El ej\u00e9rcito israel\u00ed atac\u00f3 hoy con ametralladoras pesadas los alrededores de las aldeas de Aita Al-Shaab y Naqoura en el sur del L\u00edbano, segun reportes de la Agencia Nacional Libanesa de Noticias. El medio agreg\u00f3 que la aviaci\u00f3n de reconocimiento sobrevol\u00f3 las localidades del sur mientras tres proyectiles fueron disparados por &hellip;<\/p>\n","protected":false},"author":42,"featured_media":317187,"comment_status":"closed","ping_status":"closed","sticky":false,"template":"","format":"standard","meta":{"footnotes":""},"categories":[597,456,16687,20724,7541],"tags":[],"class_list":["post-317186","post","type-post","status-publish","format-standard","has-post-thumbnail","","category-cinta-de-noticias","category-arabe-internacional-politica","category-internacionales","category-minuto-a-minuto","category-ultimas-noticias"],"_links":{"self":[{"href":"https:\/\/archive.sana.sy\/es\/index.php?rest_route=\/wp\/v2\/posts\/317186"}],"collection":[{"href":"https:\/\/archive.sana.sy\/es\/index.php?rest_route=\/wp\/v2\/posts"}],"about":[{"href":"https:\/\/archive.sana.sy\/es\/index.php?rest_route=\/wp\/v2\/types\/post"}],"author":[{"embeddable":true,"href":"https:\/\/archive.sana.sy\/es\/index.php?rest_route=\/wp\/v2\/users\/42"}],"replies":[{"embeddable":true,"href":"https:\/\/archive.sana.sy\/es\/index.php?rest_route=%2Fwp%2Fv2%2Fcomments&post=317186"}],"version-history":[{"count":1,"href":"https:\/\/archive.sana.sy\/es\/index.php?rest_route=\/wp\/v2\/posts\/317186\/revisions"}],"predecessor-version":[{"id":317188,"href":"https:\/\/archive.sana.sy\/es\/index.php?rest_route=\/wp\/v2\/posts\/317186\/revisions\/317188"}],"wp:featuredmedia":[{"embeddable":true,"href":"https:\/\/archive.sana.sy\/es\/index.php?rest_route=\/wp\/v2\/media\/317187"}],"wp:attachment":[{"href":"https:\/\/archive.sana.sy\/es\/index.php?rest_route=%2Fwp%2Fv2%2Fmedia&parent=317186"}],"wp:term":[{"taxonomy":"category","embeddable":true,"href":"https:\/\/archive.sana.sy\/es\/index.php?rest_route=%2Fwp%2Fv2%2Fcategories&post=317186"},{"taxonomy":"post_tag","embeddable":true,"href":"https:\/\/archive.sana.sy\/es\/index.php?rest_route=%2Fwp%2Fv2%2Ftags&post=317186"}],"curies":[{"name":"wp","href":"https:\/\/api.w.org\/{rel}","templated":true}]}}