{"id":317195,"date":"2023-12-19T13:59:30","date_gmt":"2023-12-19T10:59:30","guid":{"rendered":"https:\/\/sana.sy\/es\/?p=317195"},"modified":"2023-12-19T13:59:30","modified_gmt":"2023-12-19T10:59:30","slug":"ejercito-israeli-convirtio-el-hospital-al-awda-en-un-cuartel-militar","status":"publish","type":"post","link":"https:\/\/archive.sana.sy\/es\/?p=317195","title":{"rendered":"Ej\u00e9rcito israel\u00ed convirti\u00f3 el hospital Al-Awda en un cuartel militar"},"content":{"rendered":"<p style=\"text-align: justify;\"><span style=\"color: #800000;\"><strong>Jerusal\u00e9n ocupada, 19 dic (SANA)<\/strong><\/span> El Ministerio de Salud palestino denunci\u00f3 hoy que el ocupante israel\u00ed ha convertido el hospital Al-Awda, en el norte de la Franja de Gaza, en un cuartel militar, y detuvo a sus ocupantes y los priv\u00f3 del agua y los alimentos.<\/p>\n<p style=\"text-align: justify;\">En una declaraci\u00f3n, el ente asegur\u00f3 que las fuerzas de ocupaci\u00f3n convirtieron el referido centro hospitalario en un cuartel militar, donde tienen retenidos a 240 personas, incluidos 80 miembros del personal m\u00e9dico, 40 pacientes y 120 personas desplazadas dentro del hospital, sin agua, alimentos ni medicinas.<\/p>\n<p style=\"text-align: justify;\">Agreg\u00f3 que 6 miembros del personal del hospital fueron detenidos, encabezados por su director Ahmed Muhanna, adem\u00e1s de un paciente y un acompa\u00f1ante.<\/p>\n<p style=\"text-align: justify;\">El Ministerio denunci\u00f3 el silencio de la comunidad internacional al ver las masacres cometidas por la ocupaci\u00f3n en el norte de la Franja de Gaza, y denunci\u00f3 la insistencia del ocupante en continuar la guerra genocida en la Franja de Gaza.<\/p>\n<p style=\"text-align: justify;\">fm\/as<\/p>\n","protected":false},"excerpt":{"rendered":"<p>Jerusal\u00e9n ocupada, 19 dic (SANA) El Ministerio de Salud palestino denunci\u00f3 hoy que el ocupante israel\u00ed ha convertido el hospital Al-Awda, en el norte de la Franja de Gaza, en un cuartel militar, y detuvo a sus ocupantes y los priv\u00f3 del agua y los alimentos. En una declaraci\u00f3n, el ente asegur\u00f3 que las fuerzas &hellip;<\/p>\n","protected":false},"author":42,"featured_media":317196,"comment_status":"closed","ping_status":"closed","sticky":false,"template":"","format":"standard","meta":{"footnotes":""},"categories":[597,456,16687,20724,7541],"tags":[],"class_list":["post-317195","post","type-post","status-publish","format-standard","has-post-thumbnail","","category-cinta-de-noticias","category-arabe-internacional-politica","category-internacionales","category-minuto-a-minuto","category-ultimas-noticias"],"_links":{"self":[{"href":"https:\/\/archive.sana.sy\/es\/index.php?rest_route=\/wp\/v2\/posts\/317195"}],"collection":[{"href":"https:\/\/archive.sana.sy\/es\/index.php?rest_route=\/wp\/v2\/posts"}],"about":[{"href":"https:\/\/archive.sana.sy\/es\/index.php?rest_route=\/wp\/v2\/types\/post"}],"author":[{"embeddable":true,"href":"https:\/\/archive.sana.sy\/es\/index.php?rest_route=\/wp\/v2\/users\/42"}],"replies":[{"embeddable":true,"href":"https:\/\/archive.sana.sy\/es\/index.php?rest_route=%2Fwp%2Fv2%2Fcomments&post=317195"}],"version-history":[{"count":1,"href":"https:\/\/archive.sana.sy\/es\/index.php?rest_route=\/wp\/v2\/posts\/317195\/revisions"}],"predecessor-version":[{"id":317197,"href":"https:\/\/archive.sana.sy\/es\/index.php?rest_route=\/wp\/v2\/posts\/317195\/revisions\/317197"}],"wp:featuredmedia":[{"embeddable":true,"href":"https:\/\/archive.sana.sy\/es\/index.php?rest_route=\/wp\/v2\/media\/317196"}],"wp:attachment":[{"href":"https:\/\/archive.sana.sy\/es\/index.php?rest_route=%2Fwp%2Fv2%2Fmedia&parent=317195"}],"wp:term":[{"taxonomy":"category","embeddable":true,"href":"https:\/\/archive.sana.sy\/es\/index.php?rest_route=%2Fwp%2Fv2%2Fcategories&post=317195"},{"taxonomy":"post_tag","embeddable":true,"href":"https:\/\/archive.sana.sy\/es\/index.php?rest_route=%2Fwp%2Fv2%2Ftags&post=317195"}],"curies":[{"name":"wp","href":"https:\/\/api.w.org\/{rel}","templated":true}]}}