{"id":317209,"date":"2023-12-19T16:08:14","date_gmt":"2023-12-19T13:08:14","guid":{"rendered":"https:\/\/sana.sy\/es\/?p=317209"},"modified":"2023-12-19T16:28:29","modified_gmt":"2023-12-19T13:28:29","slug":"unicef-gaza-es-el-lugar-mas-peligroso-del-mundo-para-los-ninos-2","status":"publish","type":"post","link":"https:\/\/archive.sana.sy\/es\/?p=317209","title":{"rendered":"UNICEF: Gaza es el lugar m\u00e1s peligroso del mundo para los ni\u00f1os"},"content":{"rendered":"<p style=\"text-align: justify;\"><span style=\"color: #800000;\"><strong>Ginebra, 19 dic (SANA)<\/strong><\/span> El portavoz de la UNICEF, James Elder, dijo hoy que la Franja de Gaza se ha convertidoi en el lugar m\u00e1s peligroso del mundo para los ni\u00f1os, y agreg\u00f3 que d\u00eda tras d\u00eda, esta brutal realidad se consagra.<\/p>\n<p style=\"text-align: justify;\">En una conferencia de prensa en la sede de las Naciones en Ginebra, Elder explic\u00f3 que \u201cdurante las \u00faltimas 48 horas, el hospital m\u00e1s grande que queda en pleno funcionamiento fue bombardeado dos veces\u201d.<\/p>\n<p style=\"text-align: justify;\">\u201cEl hospital Nasser en Khan Yunis no s\u00f3lo alberga a un gran n\u00famero de ni\u00f1os que ya hab\u00edan resultado gravemente heridos en ataques a sus hogares, sino tambi\u00e9n a cientos de mujeres y ni\u00f1os que buscan seguridad\u201d, puntualiz\u00f3.<\/p>\n<p style=\"text-align: justify;\">Elder dijo que &#8220;UNICEF hab\u00eda compartido la historia de Dina, de 13 a\u00f1os cuando su casa en Khan Yunis qued\u00f3 completamente destruida, result\u00f3 herida y posteriormente le amputaron la pierna derecha, y perdi\u00f3 a sus padres y a sus dos hermanos\u201d.<\/p>\n<p style=\"text-align: justify;\">Elder dijo que las llamadas \u201czonas seguras\u201d son peque\u00f1as \u00e1reas de tierra est\u00e9ril, esquinas de calles o edificios a medio construir, sin agua, sin instalaciones, sin refugio contra el fr\u00edo y la lluvia, y sin saneamiento.<\/p>\n<p style=\"text-align: justify;\">fm\/as<\/p>\n","protected":false},"excerpt":{"rendered":"<p>Ginebra, 19 dic (SANA) El portavoz de la UNICEF, James Elder, dijo hoy que la Franja de Gaza se ha convertidoi en el lugar m\u00e1s peligroso del mundo para los ni\u00f1os, y agreg\u00f3 que d\u00eda tras d\u00eda, esta brutal realidad se consagra. En una conferencia de prensa en la sede de las Naciones en Ginebra, &hellip;<\/p>\n","protected":false},"author":42,"featured_media":317212,"comment_status":"closed","ping_status":"closed","sticky":false,"template":"","format":"standard","meta":{"footnotes":""},"categories":[597,456,16687,20724,583],"tags":[],"class_list":["post-317209","post","type-post","status-publish","format-standard","has-post-thumbnail","","category-cinta-de-noticias","category-arabe-internacional-politica","category-internacionales","category-minuto-a-minuto","category-slide"],"_links":{"self":[{"href":"https:\/\/archive.sana.sy\/es\/index.php?rest_route=\/wp\/v2\/posts\/317209"}],"collection":[{"href":"https:\/\/archive.sana.sy\/es\/index.php?rest_route=\/wp\/v2\/posts"}],"about":[{"href":"https:\/\/archive.sana.sy\/es\/index.php?rest_route=\/wp\/v2\/types\/post"}],"author":[{"embeddable":true,"href":"https:\/\/archive.sana.sy\/es\/index.php?rest_route=\/wp\/v2\/users\/42"}],"replies":[{"embeddable":true,"href":"https:\/\/archive.sana.sy\/es\/index.php?rest_route=%2Fwp%2Fv2%2Fcomments&post=317209"}],"version-history":[{"count":1,"href":"https:\/\/archive.sana.sy\/es\/index.php?rest_route=\/wp\/v2\/posts\/317209\/revisions"}],"predecessor-version":[{"id":317211,"href":"https:\/\/archive.sana.sy\/es\/index.php?rest_route=\/wp\/v2\/posts\/317209\/revisions\/317211"}],"wp:featuredmedia":[{"embeddable":true,"href":"https:\/\/archive.sana.sy\/es\/index.php?rest_route=\/wp\/v2\/media\/317212"}],"wp:attachment":[{"href":"https:\/\/archive.sana.sy\/es\/index.php?rest_route=%2Fwp%2Fv2%2Fmedia&parent=317209"}],"wp:term":[{"taxonomy":"category","embeddable":true,"href":"https:\/\/archive.sana.sy\/es\/index.php?rest_route=%2Fwp%2Fv2%2Fcategories&post=317209"},{"taxonomy":"post_tag","embeddable":true,"href":"https:\/\/archive.sana.sy\/es\/index.php?rest_route=%2Fwp%2Fv2%2Ftags&post=317209"}],"curies":[{"name":"wp","href":"https:\/\/api.w.org\/{rel}","templated":true}]}}