{"id":317229,"date":"2023-12-19T19:08:12","date_gmt":"2023-12-19T16:08:12","guid":{"rendered":"https:\/\/sana.sy\/es\/?p=317229"},"modified":"2023-12-19T20:02:11","modified_gmt":"2023-12-19T17:02:11","slug":"israel-se-cobro-la-vida-de-mas-de-19-mil-palestinos-de-gaza-en-74-dias","status":"publish","type":"post","link":"https:\/\/archive.sana.sy\/es\/?p=317229","title":{"rendered":"Agresiones israel\u00edes cobraron la vida de m\u00e1s de 19 mil palestinos de Gaza en 74 d\u00edas"},"content":{"rendered":"<p style=\"text-align: justify\"><span style=\"color: #800000\"><strong>Jerusal\u00e9n ocupada, 19 dic (SANA)<\/strong><\/span> El balance de v\u00edctimas de la actual agresi\u00f3n israel\u00ed contra la Franja de Gaza ha aumentado a 19.667 m\u00e1rtires y m\u00e1s de 52.500 heridos, se\u00f1al\u00f3 el Ministerio de Salud palestino en un comunicado emitido este martes.<\/p>\n<p style=\"text-align: justify\">El Ministerio precis\u00f3 que durante las \u00faltimas horas, la ocupaci\u00f3n cometi\u00f3 17 masacres y cr\u00edmenes de genocidio en todas las zonas de la Franja de Gaza, las cuales se cobraron la vida de 214 personas y causaron 300 heridos, s\u00famales las v\u00edctimas que se encuentran por debajo de los escombros.<\/p>\n<p style=\"text-align: justify\">En cuanto a las violaciones israel\u00edes contra del sistema de salud en Gaza, el Ministerio indic\u00f3 que la agresi\u00f3n provoc\u00f3 la muerte de 310 profesionales del personal m\u00e9dico, entre doctores, enfermeras y param\u00e9dicos. Asimismo caus\u00f3 la destrucci\u00f3n de 102 ambulancias, dej\u00f3 fuera de servicio a 23 hospitales y 53 centros de salud.<\/p>\n<p style=\"text-align: justify\">Agreg\u00f3 que \u201cIsrael\u201d arrest\u00f3 hasta la fecha a 99 profesionales del sector de salud, encabezados por los directores de hospitales del norte de la Franja de Gaza, Muhammad Abu Salmiya, Ahmed Al-Kahlot, y Ahmed Muhanna, que viven en medio de duras condiciones de detenci\u00f3n.<\/p>\n<p style=\"text-align: justify\">la<\/p>\n","protected":false},"excerpt":{"rendered":"<p>Jerusal\u00e9n ocupada, 19 dic (SANA) El balance de v\u00edctimas de la actual agresi\u00f3n israel\u00ed contra la Franja de Gaza ha aumentado a 19.667 m\u00e1rtires y m\u00e1s de 52.500 heridos, se\u00f1al\u00f3 el Ministerio de Salud palestino en un comunicado emitido este martes. El Ministerio precis\u00f3 que durante las \u00faltimas horas, la ocupaci\u00f3n cometi\u00f3 17 masacres y &hellip;<\/p>\n","protected":false},"author":24,"featured_media":317230,"comment_status":"closed","ping_status":"closed","sticky":false,"template":"","format":"standard","meta":{"footnotes":""},"categories":[447,597,456,16687,20724,448,7541],"tags":[20697,12002],"class_list":["post-317229","post","type-post","status-publish","format-standard","has-post-thumbnail","","category-local-politica","category-cinta-de-noticias","category-arabe-internacional-politica","category-internacionales","category-minuto-a-minuto","category-noticias","category-ultimas-noticias","tag-agresion-israeli","tag-gaza"],"_links":{"self":[{"href":"https:\/\/archive.sana.sy\/es\/index.php?rest_route=\/wp\/v2\/posts\/317229"}],"collection":[{"href":"https:\/\/archive.sana.sy\/es\/index.php?rest_route=\/wp\/v2\/posts"}],"about":[{"href":"https:\/\/archive.sana.sy\/es\/index.php?rest_route=\/wp\/v2\/types\/post"}],"author":[{"embeddable":true,"href":"https:\/\/archive.sana.sy\/es\/index.php?rest_route=\/wp\/v2\/users\/24"}],"replies":[{"embeddable":true,"href":"https:\/\/archive.sana.sy\/es\/index.php?rest_route=%2Fwp%2Fv2%2Fcomments&post=317229"}],"version-history":[{"count":2,"href":"https:\/\/archive.sana.sy\/es\/index.php?rest_route=\/wp\/v2\/posts\/317229\/revisions"}],"predecessor-version":[{"id":317240,"href":"https:\/\/archive.sana.sy\/es\/index.php?rest_route=\/wp\/v2\/posts\/317229\/revisions\/317240"}],"wp:featuredmedia":[{"embeddable":true,"href":"https:\/\/archive.sana.sy\/es\/index.php?rest_route=\/wp\/v2\/media\/317230"}],"wp:attachment":[{"href":"https:\/\/archive.sana.sy\/es\/index.php?rest_route=%2Fwp%2Fv2%2Fmedia&parent=317229"}],"wp:term":[{"taxonomy":"category","embeddable":true,"href":"https:\/\/archive.sana.sy\/es\/index.php?rest_route=%2Fwp%2Fv2%2Fcategories&post=317229"},{"taxonomy":"post_tag","embeddable":true,"href":"https:\/\/archive.sana.sy\/es\/index.php?rest_route=%2Fwp%2Fv2%2Ftags&post=317229"}],"curies":[{"name":"wp","href":"https:\/\/api.w.org\/{rel}","templated":true}]}}