{"id":317272,"date":"2023-12-20T12:45:04","date_gmt":"2023-12-20T09:45:04","guid":{"rendered":"https:\/\/sana.sy\/es\/?p=317272"},"modified":"2023-12-20T12:45:04","modified_gmt":"2023-12-20T09:45:04","slug":"el-guantanamo-israeli-1200-palestinos-encarcelados-por-israel-esperan-un-destino-desconocido","status":"publish","type":"post","link":"https:\/\/archive.sana.sy\/es\/?p=317272","title":{"rendered":"El &#8220;Guant\u00e1namo israel\u00ed&#8221;, 1200 palestinos encarcelados por &#8220;Israel&#8221; esperan un destino desconocido"},"content":{"rendered":"<blockquote>\n<p style=\"text-align: justify;\"><span style=\"color: #800000;\">En una entrevista con algunos testigos de este crimen, algunos confirmaron que los soldados sionistas arrestaron a cientos de personas a punta de pistola y los obligaron a quitarse la ropa, mientras utilizaron a otros como escudos humanos para caminar frente a veh\u00edculos militares.<\/span><\/p>\n<\/blockquote>\n<p style=\"text-align: justify;\"><span style=\"color: #800000;\"><strong>Jerusal\u00e9n ocupada, 20 dic (SANA)<\/strong> <\/span>El gobierno de Netanyahu no se conform\u00f3 con los decenas de miles de muertos, heridos y desaparecidos bajo los escombros palestinos, que ha dejado la brutal agresi\u00f3n de su ej\u00e9rcito contra Gaza desde el 7 de octubre pasado, sino tambi\u00e9n arrest\u00f3 a m\u00e1s de 1.200, en una nueva y flagrante violaci\u00f3n de las leyes del derecho internacional.<\/p>\n<p style=\"text-align: justify;\"><img loading=\"lazy\" decoding=\"async\" class=\"size-medium wp-image-317274 alignright\" src=\"http:\/\/sana.sy\/es\/wp-content\/uploads\/2023\/12\/photo_2023-12-19_10-13-48-300x169.jpg\" alt=\"\" width=\"300\" height=\"169\" srcset=\"https:\/\/archive.sana.sy\/es\/wp-content\/uploads\/2023\/12\/photo_2023-12-19_10-13-48-300x169.jpg 300w, https:\/\/archive.sana.sy\/es\/wp-content\/uploads\/2023\/12\/photo_2023-12-19_10-13-48-150x85.jpg 150w, https:\/\/archive.sana.sy\/es\/wp-content\/uploads\/2023\/12\/photo_2023-12-19_10-13-48.jpg 660w\" sizes=\"(max-width: 300px) 100vw, 300px\" \/><\/p>\n<p style=\"text-align: justify;\">Nadie puede especular el destino de estos detenidos, que podr\u00eda ser ejecuciones masivas. Esto no sorprender\u00e1 ni impactar\u00e1 al mundo ya que Israel suele cometer cr\u00edmenes sin par en la historia humana.<\/p>\n<p style=\"text-align: justify;\">Eld\u00eda 7 del mes en curso, el r\u00e9gimen israel\u00ed public\u00f3 v\u00eddeos e im\u00e1genes impactantes y deshumanizantes de decenas de palestinos en ropa interior, atados y con los ojos vendados exhibidos en las calles de Gaza o transportados en camiones militares.<\/p>\n<p style=\"text-align: justify;\">Los hombres fueron arrestados en Beit Lahia, en el extremo norte de la Franja de Gaza.<\/p>\n<p style=\"text-align: justify;\">Esta escena nos remonta 84 a\u00f1os atr\u00e1s, cuando los soldados nazis ejecutaron a prisioneros de guerra sovi\u00e9ticos durante la Segunda Guerra Mundial, y hoy la historia se repite por el ej\u00e9rcito de ocupaci\u00f3n israel\u00ed.<\/p>\n<p style=\"text-align: justify;\">En una entrevista con algunos testigos de este crimen, algunos confirmaron que los soldados sionistas arrestaron a cientos de personas a punta de pistola y los obligaron a quitarse la ropa, mientras utilizaron a otros como escudos humanos para caminar frente a veh\u00edculos militares.<\/p>\n<p style=\"text-align: justify;\">Me han golpeado fuerte y torturado durante cinco semanas, durante los cuales los israel\u00edes no me permitieron dormir. Me esposaron, me ataron las piernas, me vendaron los ojos y me colocaron al aire libre, en un fr\u00edo intenso, dijo Mustafa Jaber, uno de los detenidos en el norte de Gaza.<\/p>\n<p style=\"text-align: justify;\"><img loading=\"lazy\" decoding=\"async\" class=\"size-medium wp-image-317275 alignright\" src=\"http:\/\/sana.sy\/es\/wp-content\/uploads\/2023\/12\/photo_2023-12-19_14-21-15-300x169.jpg\" alt=\"\" width=\"300\" height=\"169\" srcset=\"https:\/\/archive.sana.sy\/es\/wp-content\/uploads\/2023\/12\/photo_2023-12-19_14-21-15-300x169.jpg 300w, https:\/\/archive.sana.sy\/es\/wp-content\/uploads\/2023\/12\/photo_2023-12-19_14-21-15-150x84.jpg 150w, https:\/\/archive.sana.sy\/es\/wp-content\/uploads\/2023\/12\/photo_2023-12-19_14-21-15.jpg 660w\" sizes=\"(max-width: 300px) 100vw, 300px\" \/><\/p>\n<p style=\"text-align: justify;\">El Observatorio Euromediterr\u00e1neo de Derechos Humanos revel\u00f3 pruebas de que los militares sionistas llevaron a cabo ejecuciones sobre el terreno contra detenidos palestinos, mientras que otros murieron como resultado de graves torturas y maltratos en un campamento militar del ej\u00e9rcito israel\u00ed conocido como \u201cSde Teman\u201d cerca de la ciudad de Beerseba en los territorios ocupados en 1948.<\/p>\n<p style=\"text-align: justify;\">El Centro se\u00f1al\u00f3 que el referido campamento se ha convertido en una \u201cnueva prisi\u00f3n de Guant\u00e1namo\u201d, en la que los recluidos sufrieron condiciones muy duras, dentro de lugares parecidos a jaulas de pollos a la intemperie y sin comida ni bebida durante un largo per\u00edodo de tiempo.<\/p>\n<p style=\"text-align: justify;\">Asimismo, pidi\u00f3 una investigaci\u00f3n internacional urgente sobre este genocidio y exhort\u00f3 al Comit\u00e9 Internacional de la Cruz Roja y al Grupo de Trabajo de las Naciones Unidas sobre la Detenci\u00f3n Arbitraria que presionaran al r\u00e9gimen de Tel Aviv.<\/p>\n<p style=\"text-align: justify;\">La guerra contra la Franja de Gaza no disuadi\u00f3 &#8220;Israel&#8221; de continuar sus pr\u00e1cticas agresivas en las otras tierras palestinas, ya que las fuerzas sionistas detuvieron a m\u00e1s de 4.600 personas en Cisjordania desde el inicio de su agresi\u00f3n contra el enclave costero.<\/p>\n<p style=\"text-align: justify;\"><strong>ws\/fm<\/strong><\/p>\n","protected":false},"excerpt":{"rendered":"<p>En una entrevista con algunos testigos de este crimen, algunos confirmaron que los soldados sionistas arrestaron a cientos de personas a punta de pistola y los obligaron a quitarse la ropa, mientras utilizaron a otros como escudos humanos para caminar frente a veh\u00edculos militares. Jerusal\u00e9n ocupada, 20 dic (SANA) El gobierno de Netanyahu no se &hellip;<\/p>\n","protected":false},"author":35,"featured_media":317273,"comment_status":"closed","ping_status":"closed","sticky":false,"template":"","format":"standard","meta":{"footnotes":""},"categories":[597,456,16687,20724,583],"tags":[],"class_list":["post-317272","post","type-post","status-publish","format-standard","has-post-thumbnail","","category-cinta-de-noticias","category-arabe-internacional-politica","category-internacionales","category-minuto-a-minuto","category-slide"],"_links":{"self":[{"href":"https:\/\/archive.sana.sy\/es\/index.php?rest_route=\/wp\/v2\/posts\/317272"}],"collection":[{"href":"https:\/\/archive.sana.sy\/es\/index.php?rest_route=\/wp\/v2\/posts"}],"about":[{"href":"https:\/\/archive.sana.sy\/es\/index.php?rest_route=\/wp\/v2\/types\/post"}],"author":[{"embeddable":true,"href":"https:\/\/archive.sana.sy\/es\/index.php?rest_route=\/wp\/v2\/users\/35"}],"replies":[{"embeddable":true,"href":"https:\/\/archive.sana.sy\/es\/index.php?rest_route=%2Fwp%2Fv2%2Fcomments&post=317272"}],"version-history":[{"count":1,"href":"https:\/\/archive.sana.sy\/es\/index.php?rest_route=\/wp\/v2\/posts\/317272\/revisions"}],"predecessor-version":[{"id":317276,"href":"https:\/\/archive.sana.sy\/es\/index.php?rest_route=\/wp\/v2\/posts\/317272\/revisions\/317276"}],"wp:featuredmedia":[{"embeddable":true,"href":"https:\/\/archive.sana.sy\/es\/index.php?rest_route=\/wp\/v2\/media\/317273"}],"wp:attachment":[{"href":"https:\/\/archive.sana.sy\/es\/index.php?rest_route=%2Fwp%2Fv2%2Fmedia&parent=317272"}],"wp:term":[{"taxonomy":"category","embeddable":true,"href":"https:\/\/archive.sana.sy\/es\/index.php?rest_route=%2Fwp%2Fv2%2Fcategories&post=317272"},{"taxonomy":"post_tag","embeddable":true,"href":"https:\/\/archive.sana.sy\/es\/index.php?rest_route=%2Fwp%2Fv2%2Ftags&post=317272"}],"curies":[{"name":"wp","href":"https:\/\/api.w.org\/{rel}","templated":true}]}}