{"id":31730,"date":"2015-10-17T17:42:29","date_gmt":"2015-10-17T14:42:29","guid":{"rendered":"http:\/\/sana.sy\/es\/?p=31730"},"modified":"2015-10-17T17:48:23","modified_gmt":"2015-10-17T14:48:23","slug":"zarif-llama-la-comunidad-internacional-a-no-intervenir-en-los-asuntos-internos-de-siria","status":"publish","type":"post","link":"https:\/\/archive.sana.sy\/es\/?p=31730","title":{"rendered":"Zarif llama la comunidad internacional a no intervenir en los asuntos internos de Siria"},"content":{"rendered":"<p><span style=\"color: #800000\">Teher\u00e1n, SANA<\/span><\/p>\n<p>El canciller iran\u00ed, Mohamad Yawad Zarif exigi\u00f3 a la comunidad internacional a cooperar en la lucha contra el terrorismo en Siria.<\/p>\n<p>En una rueda de prensa sostenida este s\u00e1bado en la capital persa con su hom\u00f3logo alem\u00e1n, Walter Steinmeier, el jefe de la diplomacia iran\u00ed destac\u00f3 la necesidad de detener la injerencia extranjera en los asuntos internos de Siria y poner fin al terrorismo en esta naci\u00f3n, reiterando el derecho del pueblo sirio a la autodeterminaci\u00f3n.<\/p>\n<p>Asimismo precis\u00f3 que la campa\u00f1a antiterrorista de Rusia en Siria se desarrolla conforme con las medidas internacionales relativas a la lucha antiterrorista.<\/p>\n<p>A su vez, Steinmeier aludi\u00f3 a un acercamiento de ideas entre Ir\u00e1n y su pa\u00eds respecto a la soluci\u00f3n de la crisis siria, as\u00ed como resalt\u00f3 la necesidad de iniciar una nueva etapa de reconstrucci\u00f3n en la regi\u00f3n, poniendo \u00e9nfasis en el papel de Ir\u00e1n en la restauraci\u00f3n de la seguridad en la misma.<\/p>\n<p>&nbsp;<\/p>\n<p>Lynn A.<\/p>\n","protected":false},"excerpt":{"rendered":"<p>Teher\u00e1n, SANA El canciller iran\u00ed, Mohamad Yawad Zarif exigi\u00f3 a la comunidad internacional a cooperar en la lucha contra el terrorismo en Siria. En una rueda de prensa sostenida este s\u00e1bado en la capital persa con su hom\u00f3logo alem\u00e1n, Walter Steinmeier, el jefe de la diplomacia iran\u00ed destac\u00f3 la necesidad de detener la injerencia extranjera &hellip;<\/p>\n","protected":false},"author":24,"featured_media":31731,"comment_status":"closed","ping_status":"closed","sticky":false,"template":"","format":"standard","meta":{"footnotes":""},"categories":[456,457,576],"tags":[7076],"class_list":["post-31730","post","type-post","status-publish","format-standard","has-post-thumbnail","","category-arabe-internacional-politica","category-noticias-arabe-internacional-politica","category-noticias-politicas","tag-zarif-llama-la-comunidad-internacional-a-no-intervenir-en-los-asuntos-internos-de-siria"],"_links":{"self":[{"href":"https:\/\/archive.sana.sy\/es\/index.php?rest_route=\/wp\/v2\/posts\/31730"}],"collection":[{"href":"https:\/\/archive.sana.sy\/es\/index.php?rest_route=\/wp\/v2\/posts"}],"about":[{"href":"https:\/\/archive.sana.sy\/es\/index.php?rest_route=\/wp\/v2\/types\/post"}],"author":[{"embeddable":true,"href":"https:\/\/archive.sana.sy\/es\/index.php?rest_route=\/wp\/v2\/users\/24"}],"replies":[{"embeddable":true,"href":"https:\/\/archive.sana.sy\/es\/index.php?rest_route=%2Fwp%2Fv2%2Fcomments&post=31730"}],"version-history":[{"count":0,"href":"https:\/\/archive.sana.sy\/es\/index.php?rest_route=\/wp\/v2\/posts\/31730\/revisions"}],"wp:featuredmedia":[{"embeddable":true,"href":"https:\/\/archive.sana.sy\/es\/index.php?rest_route=\/wp\/v2\/media\/31731"}],"wp:attachment":[{"href":"https:\/\/archive.sana.sy\/es\/index.php?rest_route=%2Fwp%2Fv2%2Fmedia&parent=31730"}],"wp:term":[{"taxonomy":"category","embeddable":true,"href":"https:\/\/archive.sana.sy\/es\/index.php?rest_route=%2Fwp%2Fv2%2Fcategories&post=31730"},{"taxonomy":"post_tag","embeddable":true,"href":"https:\/\/archive.sana.sy\/es\/index.php?rest_route=%2Fwp%2Fv2%2Ftags&post=31730"}],"curies":[{"name":"wp","href":"https:\/\/api.w.org\/{rel}","templated":true}]}}