{"id":317312,"date":"2023-12-20T16:01:17","date_gmt":"2023-12-20T13:01:17","guid":{"rendered":"https:\/\/sana.sy\/es\/?p=317312"},"modified":"2023-12-20T16:01:17","modified_gmt":"2023-12-20T13:01:17","slug":"fuerzas-israelies-demuelen-viviendas-e-instalaciones-palestinas-en-ramallah-y-jerico","status":"publish","type":"post","link":"https:\/\/archive.sana.sy\/es\/?p=317312","title":{"rendered":"Fuerzas israel\u00edes demuelen viviendas e instalaciones palestinas en Ramallah y Jeric\u00f3."},"content":{"rendered":"<p style=\"text-align: justify;\"><span style=\"color: #800000;\"><strong>Jerusal\u00e9n ocupada, 20 dic (SANA)<\/strong><\/span> Las fuerzas de ocupaci\u00f3n israel\u00edes demolieron varias viviendas e instalaciones al oeste de la ciudad de Ramallah y en la aldea de Al-Jiftlik, al norte de la ciudad de Jeric\u00f3, en Cisjordania.<\/p>\n<p style=\"text-align: justify;\">Seg\u00fan reportes de la agencia Wafa, las fuerzas de ocupaci\u00f3n irrumpieron en el barrio Al-Muhallal, al oeste de Ramallah, con varias topadoras, y demolieron un edificio residencial y dos instalaciones comerciales.<\/p>\n<p style=\"text-align: justify;\">Tambi\u00e9n irrumpieron en la aldea de Al-Jiftlik y demolieron varias casas.<\/p>\n<p style=\"text-align: justify;\">Adem\u00e1s, las fuerzas de ocupaci\u00f3n irrumpieron en la aldea de Deir Qadis en Ramallah, donde demolieron tierras agr\u00edcolas adyacentes al muro del apartheid, cerraron los caminos que conducen a la aldea, se apostaron cerca de la escuela secundaria de Deir Qadis y atacaron a los estudiantes cuando sal\u00edan.<\/p>\n<p style=\"text-align: justify;\">fm\/as<\/p>\n<p style=\"text-align: justify;\">\n","protected":false},"excerpt":{"rendered":"<p>Jerusal\u00e9n ocupada, 20 dic (SANA) Las fuerzas de ocupaci\u00f3n israel\u00edes demolieron varias viviendas e instalaciones al oeste de la ciudad de Ramallah y en la aldea de Al-Jiftlik, al norte de la ciudad de Jeric\u00f3, en Cisjordania. Seg\u00fan reportes de la agencia Wafa, las fuerzas de ocupaci\u00f3n irrumpieron en el barrio Al-Muhallal, al oeste de &hellip;<\/p>\n","protected":false},"author":42,"featured_media":317313,"comment_status":"closed","ping_status":"closed","sticky":false,"template":"","format":"standard","meta":{"footnotes":""},"categories":[597,456,16687,20724,7541],"tags":[],"class_list":["post-317312","post","type-post","status-publish","format-standard","has-post-thumbnail","","category-cinta-de-noticias","category-arabe-internacional-politica","category-internacionales","category-minuto-a-minuto","category-ultimas-noticias"],"_links":{"self":[{"href":"https:\/\/archive.sana.sy\/es\/index.php?rest_route=\/wp\/v2\/posts\/317312"}],"collection":[{"href":"https:\/\/archive.sana.sy\/es\/index.php?rest_route=\/wp\/v2\/posts"}],"about":[{"href":"https:\/\/archive.sana.sy\/es\/index.php?rest_route=\/wp\/v2\/types\/post"}],"author":[{"embeddable":true,"href":"https:\/\/archive.sana.sy\/es\/index.php?rest_route=\/wp\/v2\/users\/42"}],"replies":[{"embeddable":true,"href":"https:\/\/archive.sana.sy\/es\/index.php?rest_route=%2Fwp%2Fv2%2Fcomments&post=317312"}],"version-history":[{"count":1,"href":"https:\/\/archive.sana.sy\/es\/index.php?rest_route=\/wp\/v2\/posts\/317312\/revisions"}],"predecessor-version":[{"id":317314,"href":"https:\/\/archive.sana.sy\/es\/index.php?rest_route=\/wp\/v2\/posts\/317312\/revisions\/317314"}],"wp:featuredmedia":[{"embeddable":true,"href":"https:\/\/archive.sana.sy\/es\/index.php?rest_route=\/wp\/v2\/media\/317313"}],"wp:attachment":[{"href":"https:\/\/archive.sana.sy\/es\/index.php?rest_route=%2Fwp%2Fv2%2Fmedia&parent=317312"}],"wp:term":[{"taxonomy":"category","embeddable":true,"href":"https:\/\/archive.sana.sy\/es\/index.php?rest_route=%2Fwp%2Fv2%2Fcategories&post=317312"},{"taxonomy":"post_tag","embeddable":true,"href":"https:\/\/archive.sana.sy\/es\/index.php?rest_route=%2Fwp%2Fv2%2Ftags&post=317312"}],"curies":[{"name":"wp","href":"https:\/\/api.w.org\/{rel}","templated":true}]}}