{"id":317315,"date":"2023-12-20T16:44:31","date_gmt":"2023-12-20T13:44:31","guid":{"rendered":"https:\/\/sana.sy\/es\/?p=317315"},"modified":"2023-12-20T16:45:54","modified_gmt":"2023-12-20T13:45:54","slug":"presidente-al-assad-la-estabilidad-del-libano-contribuye-a-la-de-siria","status":"publish","type":"post","link":"https:\/\/archive.sana.sy\/es\/?p=317315","title":{"rendered":"Presidente Al-Assad: la estabilidad del L\u00edbano contribuye a la de Siria"},"content":{"rendered":"<p style=\"text-align: justify;\"><span style=\"color: #800000;\"><strong>Damasco, 20 dic (SANA)\u00a0 \u00a0<\/strong><\/span>El presidente Bashar Al-Assad recibi\u00f3 hoy a miembros de la direcci\u00f3n central del Partido \u00c1rabe Socialista \u201cBaath\u201d en el L\u00edbano, encabezados por el secretario general Ali Hijazi.<\/p>\n<p style=\"text-align: justify;\">El mandatario destac\u00f3 durante la reuni\u00f3n, que los partidos tienen una gran responsabilidad en el fortalecimiento de las relaciones entre los pueblos, adem\u00e1s de su papel en la defensa de las causas nacionales.<\/p>\n<p style=\"text-align: justify;\">El partido Baath y otras fuerzas y partidos nacionales en el L\u00edbano han tenido un rol en fortalecer la relaci\u00f3n fraternal entre Siria y el L\u00edbano, aclar\u00f3.<\/p>\n<p style=\"text-align: justify;\">Asegur\u00f3 que lo que amenaza al L\u00edbano lo es tambi\u00e9n para Siria, y que la estabilidad de esta vecina naci\u00f3n contribuye tambi\u00e9n a la estabilidad de Siria.<\/p>\n<p style=\"text-align: justify;\">A su vez, los miembros de la delegaci\u00f3n destacaron la relaci\u00f3n fraternal entre Siria y el L\u00edbano y la necesidad de fortalecerla en beneficio de ambos pa\u00edses.<\/p>\n<p style=\"text-align: justify;\">Hicieron referencia al papel pan\u00e1rabe del partido Baath en el fortalecimiento de esta relaci\u00f3n, especialmente porque es un partido que va m\u00e1s all\u00e1 de las sectas y confesiones.<\/p>\n<p style=\"text-align: justify;\">fm<\/p>\n<p style=\"text-align: justify;\">\n","protected":false},"excerpt":{"rendered":"<p>Damasco, 20 dic (SANA)\u00a0 \u00a0El presidente Bashar Al-Assad recibi\u00f3 hoy a miembros de la direcci\u00f3n central del Partido \u00c1rabe Socialista \u201cBaath\u201d en el L\u00edbano, encabezados por el secretario general Ali Hijazi. El mandatario destac\u00f3 durante la reuni\u00f3n, que los partidos tienen una gran responsabilidad en el fortalecimiento de las relaciones entre los pueblos, adem\u00e1s de &hellip;<\/p>\n","protected":false},"author":42,"featured_media":317316,"comment_status":"closed","ping_status":"closed","sticky":false,"template":"","format":"standard","meta":{"footnotes":""},"categories":[477,447,597,20724,476,16237,583],"tags":[],"class_list":["post-317315","post","type-post","status-publish","format-standard","has-post-thumbnail","","category-noticias-edulcorantes","category-local-politica","category-cinta-de-noticias","category-minuto-a-minuto","category-locales","category-presidence-de-la-republique-arabe-syria","category-slide"],"_links":{"self":[{"href":"https:\/\/archive.sana.sy\/es\/index.php?rest_route=\/wp\/v2\/posts\/317315"}],"collection":[{"href":"https:\/\/archive.sana.sy\/es\/index.php?rest_route=\/wp\/v2\/posts"}],"about":[{"href":"https:\/\/archive.sana.sy\/es\/index.php?rest_route=\/wp\/v2\/types\/post"}],"author":[{"embeddable":true,"href":"https:\/\/archive.sana.sy\/es\/index.php?rest_route=\/wp\/v2\/users\/42"}],"replies":[{"embeddable":true,"href":"https:\/\/archive.sana.sy\/es\/index.php?rest_route=%2Fwp%2Fv2%2Fcomments&post=317315"}],"version-history":[{"count":1,"href":"https:\/\/archive.sana.sy\/es\/index.php?rest_route=\/wp\/v2\/posts\/317315\/revisions"}],"predecessor-version":[{"id":317317,"href":"https:\/\/archive.sana.sy\/es\/index.php?rest_route=\/wp\/v2\/posts\/317315\/revisions\/317317"}],"wp:featuredmedia":[{"embeddable":true,"href":"https:\/\/archive.sana.sy\/es\/index.php?rest_route=\/wp\/v2\/media\/317316"}],"wp:attachment":[{"href":"https:\/\/archive.sana.sy\/es\/index.php?rest_route=%2Fwp%2Fv2%2Fmedia&parent=317315"}],"wp:term":[{"taxonomy":"category","embeddable":true,"href":"https:\/\/archive.sana.sy\/es\/index.php?rest_route=%2Fwp%2Fv2%2Fcategories&post=317315"},{"taxonomy":"post_tag","embeddable":true,"href":"https:\/\/archive.sana.sy\/es\/index.php?rest_route=%2Fwp%2Fv2%2Ftags&post=317315"}],"curies":[{"name":"wp","href":"https:\/\/api.w.org\/{rel}","templated":true}]}}