{"id":317318,"date":"2023-12-20T17:28:09","date_gmt":"2023-12-20T14:28:09","guid":{"rendered":"https:\/\/sana.sy\/es\/?p=317318"},"modified":"2023-12-20T17:28:09","modified_gmt":"2023-12-20T14:28:09","slug":"iran-agresiones-sionistas-contra-siria-afectaran-negativamente-en-la-estabilidad-de-la-region","status":"publish","type":"post","link":"https:\/\/archive.sana.sy\/es\/?p=317318","title":{"rendered":"Ir\u00e1n: Agresiones sionistas contra Siria afectar\u00e1n negativamente en la estabilidad de la regi\u00f3n"},"content":{"rendered":"<p style=\"text-align: justify;\"><span style=\"color: #800000;\"><strong>Teher\u00e1n, 20 dic (SANA)<\/strong><\/span> El asistente principal del Ministro de Relaciones Exteriores de Ir\u00e1n para Asuntos Pol\u00edticos Especiales, Ali Asghar Khaji, advirti\u00f3 sobre las repercusiones negativas de los ataques sionistas contra Siria para la paz y la estabilidad en la regi\u00f3n, inform\u00f3 la agencia iran\u00ed de noticias IRNA.<\/p>\n<p style=\"text-align: justify;\">\u201cLas razones de los ataques sionistas contra Siria resultan de la naturaleza de la entidad de ocupaci\u00f3n, que se basa en la agresi\u00f3n\u201d, declar\u00f3 el funcionario iran\u00ed en una conversaci\u00f3n con el enviado especial de la ONU para Siria, Geir Pedersen.<\/p>\n<p style=\"text-align: justify;\">Khaji pidi\u00f3 a la comunidad internacional que tome medidas pr\u00e1cticas para mejorar la situaci\u00f3n humanitaria y econ\u00f3mica en Siria.<\/p>\n<p style=\"text-align: justify;\">Asimismo, conden\u00f3 los cr\u00edmenes sionistas contra la Franja de Gaza y pidi\u00f3 que se tomen medidas pr\u00e1cticas en el contexto de detener esta agresi\u00f3n.<\/p>\n<p>mm<\/p>\n","protected":false},"excerpt":{"rendered":"<p>Teher\u00e1n, 20 dic (SANA) El asistente principal del Ministro de Relaciones Exteriores de Ir\u00e1n para Asuntos Pol\u00edticos Especiales, Ali Asghar Khaji, advirti\u00f3 sobre las repercusiones negativas de los ataques sionistas contra Siria para la paz y la estabilidad en la regi\u00f3n, inform\u00f3 la agencia iran\u00ed de noticias IRNA. \u201cLas razones de los ataques sionistas contra &hellip;<\/p>\n","protected":false},"author":36,"featured_media":317319,"comment_status":"closed","ping_status":"closed","sticky":false,"template":"","format":"standard","meta":{"footnotes":""},"categories":[597,20724,467,7541],"tags":[],"class_list":["post-317318","post","type-post","status-publish","format-standard","has-post-thumbnail","","category-cinta-de-noticias","category-minuto-a-minuto","category-siria-y-el-mundo","category-ultimas-noticias"],"_links":{"self":[{"href":"https:\/\/archive.sana.sy\/es\/index.php?rest_route=\/wp\/v2\/posts\/317318"}],"collection":[{"href":"https:\/\/archive.sana.sy\/es\/index.php?rest_route=\/wp\/v2\/posts"}],"about":[{"href":"https:\/\/archive.sana.sy\/es\/index.php?rest_route=\/wp\/v2\/types\/post"}],"author":[{"embeddable":true,"href":"https:\/\/archive.sana.sy\/es\/index.php?rest_route=\/wp\/v2\/users\/36"}],"replies":[{"embeddable":true,"href":"https:\/\/archive.sana.sy\/es\/index.php?rest_route=%2Fwp%2Fv2%2Fcomments&post=317318"}],"version-history":[{"count":1,"href":"https:\/\/archive.sana.sy\/es\/index.php?rest_route=\/wp\/v2\/posts\/317318\/revisions"}],"predecessor-version":[{"id":317320,"href":"https:\/\/archive.sana.sy\/es\/index.php?rest_route=\/wp\/v2\/posts\/317318\/revisions\/317320"}],"wp:featuredmedia":[{"embeddable":true,"href":"https:\/\/archive.sana.sy\/es\/index.php?rest_route=\/wp\/v2\/media\/317319"}],"wp:attachment":[{"href":"https:\/\/archive.sana.sy\/es\/index.php?rest_route=%2Fwp%2Fv2%2Fmedia&parent=317318"}],"wp:term":[{"taxonomy":"category","embeddable":true,"href":"https:\/\/archive.sana.sy\/es\/index.php?rest_route=%2Fwp%2Fv2%2Fcategories&post=317318"},{"taxonomy":"post_tag","embeddable":true,"href":"https:\/\/archive.sana.sy\/es\/index.php?rest_route=%2Fwp%2Fv2%2Ftags&post=317318"}],"curies":[{"name":"wp","href":"https:\/\/api.w.org\/{rel}","templated":true}]}}