{"id":317415,"date":"2023-12-21T16:48:52","date_gmt":"2023-12-21T13:48:52","guid":{"rendered":"https:\/\/sana.sy\/es\/?p=317415"},"modified":"2023-12-21T16:48:52","modified_gmt":"2023-12-21T13:48:52","slug":"las-riquezas-naturales-sirias-son-robadas-en-zonas-ocupadas-por-eeuu-confirma-guerasimov","status":"publish","type":"post","link":"https:\/\/archive.sana.sy\/es\/?p=317415","title":{"rendered":"Las riquezas naturales sirias son robadas en zonas ocupadas por EEUU, confirma Guer\u00e1simov"},"content":{"rendered":"<p style=\"text-align: justify;\"><span style=\"color: #800000;\"><strong>Mosc\u00fa, 21 dic (SANA)\u00a0<\/strong><\/span> El jefe del Estado Mayor General ruso, Valeri Guer\u00e1simov, confirm\u00f3 que las medidas econ\u00f3micas unilaterales occidentales impuestas a Siria y la presencia de organizaciones terroristas en varias regiones del pa\u00eds obstaculizan la estabilidad all\u00ed.<\/p>\n<p style=\"text-align: justify;\">Adem\u00e1s, el alto funcionario militar ruso se refiri\u00f3 al robo de las riquezas naturales sirias en zonas ocupadas por EEUU.<\/p>\n<p style=\"text-align: justify;\">Guer\u00e1simov, durante una sesi\u00f3n informativa sobre las actividades del Ministerio de Defensa para el a\u00f1o 2023, se\u00f1al\u00f3 que la situaci\u00f3n en Siria sigue siendo dif\u00edcil debido a estas condiciones, adem\u00e1s de las consecuencias del desastre natural ocurrido en febrero de este a\u00f1o.<\/p>\n<p style=\"text-align: justify;\">Indic\u00f3 que la situaci\u00f3n m\u00e1s peligrosa se mantiene en las regiones sirias de Jazira, Al-Tanf y la zona de desescalada en Idlib, donde los grupos terroristas contin\u00faan sus ataques contra civiles y el ej\u00e9rcito sirio.<\/p>\n<p style=\"text-align: justify;\">El militar ruso de alto rango explic\u00f3 que en el noreste de Siria, bajo los auspicios de Washington, contin\u00faan el saqueo y la venta ilegal de recursos naturales pertenecientes al pueblo sirio.<\/p>\n","protected":false},"excerpt":{"rendered":"<p>Mosc\u00fa, 21 dic (SANA)\u00a0 El jefe del Estado Mayor General ruso, Valeri Guer\u00e1simov, confirm\u00f3 que las medidas econ\u00f3micas unilaterales occidentales impuestas a Siria y la presencia de organizaciones terroristas en varias regiones del pa\u00eds obstaculizan la estabilidad all\u00ed. Adem\u00e1s, el alto funcionario militar ruso se refiri\u00f3 al robo de las riquezas naturales sirias en zonas &hellip;<\/p>\n","protected":false},"author":39,"featured_media":317416,"comment_status":"closed","ping_status":"closed","sticky":false,"template":"","format":"standard","meta":{"footnotes":""},"categories":[477,597,573,20724,467,7541],"tags":[],"class_list":["post-317415","post","type-post","status-publish","format-standard","has-post-thumbnail","","category-noticias-edulcorantes","category-cinta-de-noticias","category-la-realidad-de-los-acontecimientos-en-siria","category-minuto-a-minuto","category-siria-y-el-mundo","category-ultimas-noticias"],"_links":{"self":[{"href":"https:\/\/archive.sana.sy\/es\/index.php?rest_route=\/wp\/v2\/posts\/317415"}],"collection":[{"href":"https:\/\/archive.sana.sy\/es\/index.php?rest_route=\/wp\/v2\/posts"}],"about":[{"href":"https:\/\/archive.sana.sy\/es\/index.php?rest_route=\/wp\/v2\/types\/post"}],"author":[{"embeddable":true,"href":"https:\/\/archive.sana.sy\/es\/index.php?rest_route=\/wp\/v2\/users\/39"}],"replies":[{"embeddable":true,"href":"https:\/\/archive.sana.sy\/es\/index.php?rest_route=%2Fwp%2Fv2%2Fcomments&post=317415"}],"version-history":[{"count":1,"href":"https:\/\/archive.sana.sy\/es\/index.php?rest_route=\/wp\/v2\/posts\/317415\/revisions"}],"predecessor-version":[{"id":317417,"href":"https:\/\/archive.sana.sy\/es\/index.php?rest_route=\/wp\/v2\/posts\/317415\/revisions\/317417"}],"wp:featuredmedia":[{"embeddable":true,"href":"https:\/\/archive.sana.sy\/es\/index.php?rest_route=\/wp\/v2\/media\/317416"}],"wp:attachment":[{"href":"https:\/\/archive.sana.sy\/es\/index.php?rest_route=%2Fwp%2Fv2%2Fmedia&parent=317415"}],"wp:term":[{"taxonomy":"category","embeddable":true,"href":"https:\/\/archive.sana.sy\/es\/index.php?rest_route=%2Fwp%2Fv2%2Fcategories&post=317415"},{"taxonomy":"post_tag","embeddable":true,"href":"https:\/\/archive.sana.sy\/es\/index.php?rest_route=%2Fwp%2Fv2%2Ftags&post=317415"}],"curies":[{"name":"wp","href":"https:\/\/api.w.org\/{rel}","templated":true}]}}