{"id":317444,"date":"2023-12-22T09:00:59","date_gmt":"2023-12-22T06:00:59","guid":{"rendered":"https:\/\/sana.sy\/es\/?p=317444"},"modified":"2023-12-22T09:00:59","modified_gmt":"2023-12-22T06:00:59","slug":"ministerio-de-salud-palestino-el-numero-de-muertos-por-la-agresion-de-israel-contra-gaza-ascendio-a-a-20-057-y-el-de-heridos-a-53-320-tras-reportar-390-muertos-y-734-heridos-en-la-franja-de-gaza","status":"publish","type":"post","link":"https:\/\/archive.sana.sy\/es\/?p=317444","title":{"rendered":"Ministerio de Salud palestino: El n\u00famero de muertos por la agresi\u00f3n de &#8220;Israel&#8221; contra Gaza ascendi\u00f3 a a 20.057 y el de heridos a 53.320 tras reportar 390 muertos y 734 heridos en la Franja de Gaza durante las \u00faltimas 48 horas."},"content":{"rendered":"","protected":false},"excerpt":{"rendered":"","protected":false},"author":30,"featured_media":0,"comment_status":"closed","ping_status":"closed","sticky":false,"template":"","format":"standard","meta":{"footnotes":""},"categories":[20724],"tags":[],"class_list":["post-317444","post","type-post","status-publish","format-standard","","category-minuto-a-minuto"],"_links":{"self":[{"href":"https:\/\/archive.sana.sy\/es\/index.php?rest_route=\/wp\/v2\/posts\/317444"}],"collection":[{"href":"https:\/\/archive.sana.sy\/es\/index.php?rest_route=\/wp\/v2\/posts"}],"about":[{"href":"https:\/\/archive.sana.sy\/es\/index.php?rest_route=\/wp\/v2\/types\/post"}],"author":[{"embeddable":true,"href":"https:\/\/archive.sana.sy\/es\/index.php?rest_route=\/wp\/v2\/users\/30"}],"replies":[{"embeddable":true,"href":"https:\/\/archive.sana.sy\/es\/index.php?rest_route=%2Fwp%2Fv2%2Fcomments&post=317444"}],"version-history":[{"count":1,"href":"https:\/\/archive.sana.sy\/es\/index.php?rest_route=\/wp\/v2\/posts\/317444\/revisions"}],"predecessor-version":[{"id":317445,"href":"https:\/\/archive.sana.sy\/es\/index.php?rest_route=\/wp\/v2\/posts\/317444\/revisions\/317445"}],"wp:attachment":[{"href":"https:\/\/archive.sana.sy\/es\/index.php?rest_route=%2Fwp%2Fv2%2Fmedia&parent=317444"}],"wp:term":[{"taxonomy":"category","embeddable":true,"href":"https:\/\/archive.sana.sy\/es\/index.php?rest_route=%2Fwp%2Fv2%2Fcategories&post=317444"},{"taxonomy":"post_tag","embeddable":true,"href":"https:\/\/archive.sana.sy\/es\/index.php?rest_route=%2Fwp%2Fv2%2Ftags&post=317444"}],"curies":[{"name":"wp","href":"https:\/\/api.w.org\/{rel}","templated":true}]}}