{"id":317446,"date":"2023-12-22T09:54:12","date_gmt":"2023-12-22T06:54:12","guid":{"rendered":"https:\/\/sana.sy\/es\/?p=317446"},"modified":"2023-12-22T09:54:12","modified_gmt":"2023-12-22T06:54:12","slug":"cifra-de-palestinos-muertos-por-agresion-israeli-contra-gaza-supera-los-20000","status":"publish","type":"post","link":"https:\/\/archive.sana.sy\/es\/?p=317446","title":{"rendered":"Cifra de palestinos muertos por agresi\u00f3n israel\u00ed contra Gaza supera los 20,000"},"content":{"rendered":"<p style=\"text-align: justify;\"><span style=\"color: #800000;\"><strong>Jerusal\u00e9n ocupada, 22 dic (SANA)<\/strong><\/span> El Ministerio de Salud de Gaza anunci\u00f3 que el n\u00famero de muertos por la agresi\u00f3n israel\u00ed ha aumentado a m\u00e1s de 20.000 durante 77 d\u00edas de agresi\u00f3n contra la Franja de Gaza.<img loading=\"lazy\" decoding=\"async\" class=\"size-medium wp-image-317447 alignright\" src=\"http:\/\/sana.sy\/es\/wp-content\/uploads\/2023\/12\/photo_2023-12-22_09-53-53-300x169.jpg\" alt=\"\" width=\"300\" height=\"169\" srcset=\"https:\/\/archive.sana.sy\/es\/wp-content\/uploads\/2023\/12\/photo_2023-12-22_09-53-53-300x169.jpg 300w, https:\/\/archive.sana.sy\/es\/wp-content\/uploads\/2023\/12\/photo_2023-12-22_09-53-53-150x84.jpg 150w, https:\/\/archive.sana.sy\/es\/wp-content\/uploads\/2023\/12\/photo_2023-12-22_09-53-53-768x432.jpg 768w, https:\/\/archive.sana.sy\/es\/wp-content\/uploads\/2023\/12\/photo_2023-12-22_09-53-53.jpg 1000w\" sizes=\"(max-width: 300px) 100vw, 300px\" \/><\/p>\n<p style=\"text-align: justify;\">\u201cDesde el 7 de octubre pasado, el agresor israel\u00ed masacr\u00f3 ascendi\u00f3 a 20.057 e hiri\u00f3 a otros 53.320\u201d, explic\u00f3 el Ministerio en un comunicado.<\/p>\n<p style=\"text-align: justify;\">Indic\u00f3 que, durante las \u00faltimas 48 horas, hubo 390 muertos y 734 heridos en la Franja de Gaza.<\/p>\n<p style=\"text-align: justify;\">El 70% de las v\u00edctimas de las agresiones israel\u00edes son mujeres y ni\u00f1os.<\/p>\n<p style=\"text-align: justify;\"><em><strong>fm\/ah<\/strong><\/em><\/p>\n<p style=\"text-align: justify;\">\n","protected":false},"excerpt":{"rendered":"<p>Jerusal\u00e9n ocupada, 22 dic (SANA) El Ministerio de Salud de Gaza anunci\u00f3 que el n\u00famero de muertos por la agresi\u00f3n israel\u00ed ha aumentado a m\u00e1s de 20.000 durante 77 d\u00edas de agresi\u00f3n contra la Franja de Gaza. \u201cDesde el 7 de octubre pasado, el agresor israel\u00ed masacr\u00f3 ascendi\u00f3 a 20.057 e hiri\u00f3 a otros 53.320\u201d, &hellip;<\/p>\n","protected":false},"author":30,"featured_media":317448,"comment_status":"closed","ping_status":"closed","sticky":false,"template":"","format":"standard","meta":{"footnotes":""},"categories":[597,456,16687,20724,583],"tags":[],"class_list":["post-317446","post","type-post","status-publish","format-standard","has-post-thumbnail","","category-cinta-de-noticias","category-arabe-internacional-politica","category-internacionales","category-minuto-a-minuto","category-slide"],"_links":{"self":[{"href":"https:\/\/archive.sana.sy\/es\/index.php?rest_route=\/wp\/v2\/posts\/317446"}],"collection":[{"href":"https:\/\/archive.sana.sy\/es\/index.php?rest_route=\/wp\/v2\/posts"}],"about":[{"href":"https:\/\/archive.sana.sy\/es\/index.php?rest_route=\/wp\/v2\/types\/post"}],"author":[{"embeddable":true,"href":"https:\/\/archive.sana.sy\/es\/index.php?rest_route=\/wp\/v2\/users\/30"}],"replies":[{"embeddable":true,"href":"https:\/\/archive.sana.sy\/es\/index.php?rest_route=%2Fwp%2Fv2%2Fcomments&post=317446"}],"version-history":[{"count":1,"href":"https:\/\/archive.sana.sy\/es\/index.php?rest_route=\/wp\/v2\/posts\/317446\/revisions"}],"predecessor-version":[{"id":317449,"href":"https:\/\/archive.sana.sy\/es\/index.php?rest_route=\/wp\/v2\/posts\/317446\/revisions\/317449"}],"wp:featuredmedia":[{"embeddable":true,"href":"https:\/\/archive.sana.sy\/es\/index.php?rest_route=\/wp\/v2\/media\/317448"}],"wp:attachment":[{"href":"https:\/\/archive.sana.sy\/es\/index.php?rest_route=%2Fwp%2Fv2%2Fmedia&parent=317446"}],"wp:term":[{"taxonomy":"category","embeddable":true,"href":"https:\/\/archive.sana.sy\/es\/index.php?rest_route=%2Fwp%2Fv2%2Fcategories&post=317446"},{"taxonomy":"post_tag","embeddable":true,"href":"https:\/\/archive.sana.sy\/es\/index.php?rest_route=%2Fwp%2Fv2%2Ftags&post=317446"}],"curies":[{"name":"wp","href":"https:\/\/api.w.org\/{rel}","templated":true}]}}