{"id":317477,"date":"2023-12-22T16:40:34","date_gmt":"2023-12-22T13:40:34","guid":{"rendered":"https:\/\/sana.sy\/es\/?p=317477"},"modified":"2023-12-22T16:40:39","modified_gmt":"2023-12-22T13:40:39","slug":"rusia-lanzo-39-ataques-masivos-con-drones-y-misiles-de-largo-alcance-contra-objetivos-estrategicos-ucranianos","status":"publish","type":"post","link":"https:\/\/archive.sana.sy\/es\/?p=317477","title":{"rendered":"Rusia lanz\u00f3 39 ataques masivos con drones y misiles de largo alcance contra objetivos estrat\u00e9gicos ucranianos"},"content":{"rendered":"<p style=\"text-align: justify;\"><span style=\"color: #800000;\"><strong>Mosc\u00fa, 22 dic (SANA)\u00a0<\/strong> <\/span>\u00a0En su resumen semanal sobre el avance de la operaci\u00f3n militar especial para el per\u00edodo del 16 al 22 de diciembre de 2023, el Ministerio de Defensa de la Federaci\u00f3n de Rusia inform\u00f3 que las Fuerzas Armadas llevaron a cabo 39 ataques masivos con armas de alta precisi\u00f3n y veh\u00edculos a\u00e9reos no tripulados contra infraestructura en aer\u00f3dromos militares, instalaciones de navegaci\u00f3n a\u00e9rea, bases de almacenamiento de combustible y dep\u00f3sitos de municiones de artiller\u00eda, armas y equipo militar de las fuerzas ucranianas.<\/p>\n<p style=\"text-align: justify;\">Adem\u00e1s, fueron atacados centros de entrenamiento, instalaciones para el uso de veh\u00edculos a\u00e9reos no tripulados, centros de control y despliegue de unidades de las Fuerzas Armadas de Ucrania y campos de mercenarios extranjeros y formaciones ultranacionalistas.<\/p>\n<p style=\"text-align: justify;\">Todos los objetivos designados fueron alcanzados.<\/p>\n","protected":false},"excerpt":{"rendered":"<p>Mosc\u00fa, 22 dic (SANA)\u00a0 \u00a0En su resumen semanal sobre el avance de la operaci\u00f3n militar especial para el per\u00edodo del 16 al 22 de diciembre de 2023, el Ministerio de Defensa de la Federaci\u00f3n de Rusia inform\u00f3 que las Fuerzas Armadas llevaron a cabo 39 ataques masivos con armas de alta precisi\u00f3n y veh\u00edculos a\u00e9reos &hellip;<\/p>\n","protected":false},"author":39,"featured_media":317478,"comment_status":"closed","ping_status":"closed","sticky":false,"template":"","format":"standard","meta":{"footnotes":""},"categories":[597,456,16687,20724,7541],"tags":[],"class_list":["post-317477","post","type-post","status-publish","format-standard","has-post-thumbnail","","category-cinta-de-noticias","category-arabe-internacional-politica","category-internacionales","category-minuto-a-minuto","category-ultimas-noticias"],"_links":{"self":[{"href":"https:\/\/archive.sana.sy\/es\/index.php?rest_route=\/wp\/v2\/posts\/317477"}],"collection":[{"href":"https:\/\/archive.sana.sy\/es\/index.php?rest_route=\/wp\/v2\/posts"}],"about":[{"href":"https:\/\/archive.sana.sy\/es\/index.php?rest_route=\/wp\/v2\/types\/post"}],"author":[{"embeddable":true,"href":"https:\/\/archive.sana.sy\/es\/index.php?rest_route=\/wp\/v2\/users\/39"}],"replies":[{"embeddable":true,"href":"https:\/\/archive.sana.sy\/es\/index.php?rest_route=%2Fwp%2Fv2%2Fcomments&post=317477"}],"version-history":[{"count":1,"href":"https:\/\/archive.sana.sy\/es\/index.php?rest_route=\/wp\/v2\/posts\/317477\/revisions"}],"predecessor-version":[{"id":317479,"href":"https:\/\/archive.sana.sy\/es\/index.php?rest_route=\/wp\/v2\/posts\/317477\/revisions\/317479"}],"wp:featuredmedia":[{"embeddable":true,"href":"https:\/\/archive.sana.sy\/es\/index.php?rest_route=\/wp\/v2\/media\/317478"}],"wp:attachment":[{"href":"https:\/\/archive.sana.sy\/es\/index.php?rest_route=%2Fwp%2Fv2%2Fmedia&parent=317477"}],"wp:term":[{"taxonomy":"category","embeddable":true,"href":"https:\/\/archive.sana.sy\/es\/index.php?rest_route=%2Fwp%2Fv2%2Fcategories&post=317477"},{"taxonomy":"post_tag","embeddable":true,"href":"https:\/\/archive.sana.sy\/es\/index.php?rest_route=%2Fwp%2Fv2%2Ftags&post=317477"}],"curies":[{"name":"wp","href":"https:\/\/api.w.org\/{rel}","templated":true}]}}