{"id":31755,"date":"2015-10-17T19:36:22","date_gmt":"2015-10-17T16:36:22","guid":{"rendered":"http:\/\/sana.sy\/es\/?p=31755"},"modified":"2023-01-09T14:09:44","modified_gmt":"2023-01-09T12:09:44","slug":"al-hilal-visita-las-zonas-recien-liberadas-en-la-provincia-de-quneitra","status":"publish","type":"post","link":"https:\/\/archive.sana.sy\/es\/?p=31755","title":{"rendered":"Al-Hilal visita las zonas reci\u00e9n liberadas en la provincia de Quneitra"},"content":{"rendered":"<p style=\"text-align: justify\"><span style=\"color: #800000\">Quneitra, SANA<\/span>&#8211; Por orientaciones del presidente Bashar Al-Assad, el Secretario Regional Adjunto del partido Baath \u00c1rabe Socialista, Hilal al-Hilal visit\u00f3 unas posiciones militares en la provincia de Quneitra.<\/p>\n<p style=\"text-align: justify\">La gira del funcionario incluy\u00f3 visitar las zonas de las granjas al-Amal y la colina Ahmar, zonas reci\u00e9n liberadas de los grupos terrorista, donde al-Hilal se reuni\u00f3 con un n\u00famero de oficiales y soldados, y fue informado por los militares sobre el proceso de las operaciones contra las organizaciones terroristas.<\/p>\n<p style=\"text-align: justify\">Al-Hilal trasmiti\u00f3 a los soldados los sentimientos de orgullo del presidente Bashar al-Assad por sus heroicidades en las batallas que libran contra las organizaciones terroristas.<\/p>\n<p style=\"text-align: center\"><a href=\"http:\/\/sana.sy\/es\/?attachment_id=31757\" rel=\"attachment wp-att-31757\"><img loading=\"lazy\" decoding=\"async\" class=\"alignnone size-medium wp-image-31757\" src=\"http:\/\/sana.sy\/es\/wp-content\/uploads\/2015\/10\/2204-300x168-300x168.jpg\" alt=\"2204-300x168\" width=\"300\" height=\"168\" srcset=\"https:\/\/archive.sana.sy\/es\/wp-content\/uploads\/2015\/10\/2204-300x168.jpg 300w, https:\/\/archive.sana.sy\/es\/wp-content\/uploads\/2015\/10\/2204-300x168-150x84.jpg 150w\" sizes=\"(max-width: 300px) 100vw, 300px\" \/><\/a><\/p>\n<p style=\"text-align: justify\">\u201cLa liberaci\u00f3n de dichas zonas fue una haza\u00f1a gracias al apoyo de los hijos de Quneitra al Ej\u00e9rcito y las Fuerzas Armadas que repelieron a los terroristas e infligieron colosales bajas en sus filas\u201d, dijo el alto pol\u00edtico.<\/p>\n<p style=\"text-align: justify\">El mismo afirm\u00f3 que los combates seguir\u00e1n hasta la eliminaci\u00f3n del terrorismo y la restauraci\u00f3n de la seguridad y la estabilidad a Siria.<\/p>\n<p style=\"text-align: center\"><a href=\"http:\/\/sana.sy\/es\/?attachment_id=31758\" rel=\"attachment wp-att-31758\"><img loading=\"lazy\" decoding=\"async\" class=\"alignnone size-medium wp-image-31758\" src=\"http:\/\/sana.sy\/es\/wp-content\/uploads\/2015\/10\/3133-300x168-300x168.jpg\" alt=\"3133-300x168\" width=\"300\" height=\"168\" srcset=\"https:\/\/archive.sana.sy\/es\/wp-content\/uploads\/2015\/10\/3133-300x168.jpg 300w, https:\/\/archive.sana.sy\/es\/wp-content\/uploads\/2015\/10\/3133-300x168-150x84.jpg 150w\" sizes=\"(max-width: 300px) 100vw, 300px\" \/><\/a><\/p>\n<p style=\"text-align: justify\">Por su parte los combatientes afirmaron la firmeza y la continuaci\u00f3n de ejercer sus misiones en proteger a la patria.<\/p>\n<p>M.Miri<\/p>\n","protected":false},"excerpt":{"rendered":"<p>Quneitra, SANA&#8211; Por orientaciones del presidente Bashar Al-Assad, el Secretario Regional Adjunto del partido Baath \u00c1rabe Socialista, Hilal al-Hilal visit\u00f3 unas posiciones militares en la provincia de Quneitra. La gira del funcionario incluy\u00f3 visitar las zonas de las granjas al-Amal y la colina Ahmar, zonas reci\u00e9n liberadas de los grupos terrorista, donde al-Hilal se reuni\u00f3 &hellip;<\/p>\n","protected":false},"author":1,"featured_media":31756,"comment_status":"closed","ping_status":"closed","sticky":false,"template":"","format":"standard","meta":{"footnotes":""},"categories":[477,476],"tags":[7080],"class_list":["post-31755","post","type-post","status-publish","format-standard","has-post-thumbnail","","category-noticias-edulcorantes","category-locales","tag-al-hilal-visita-las-zonas-recien-liberadas-en-la-provincia-de-quneitra"],"_links":{"self":[{"href":"https:\/\/archive.sana.sy\/es\/index.php?rest_route=\/wp\/v2\/posts\/31755"}],"collection":[{"href":"https:\/\/archive.sana.sy\/es\/index.php?rest_route=\/wp\/v2\/posts"}],"about":[{"href":"https:\/\/archive.sana.sy\/es\/index.php?rest_route=\/wp\/v2\/types\/post"}],"author":[{"embeddable":true,"href":"https:\/\/archive.sana.sy\/es\/index.php?rest_route=\/wp\/v2\/users\/1"}],"replies":[{"embeddable":true,"href":"https:\/\/archive.sana.sy\/es\/index.php?rest_route=%2Fwp%2Fv2%2Fcomments&post=31755"}],"version-history":[{"count":0,"href":"https:\/\/archive.sana.sy\/es\/index.php?rest_route=\/wp\/v2\/posts\/31755\/revisions"}],"wp:featuredmedia":[{"embeddable":true,"href":"https:\/\/archive.sana.sy\/es\/index.php?rest_route=\/wp\/v2\/media\/31756"}],"wp:attachment":[{"href":"https:\/\/archive.sana.sy\/es\/index.php?rest_route=%2Fwp%2Fv2%2Fmedia&parent=31755"}],"wp:term":[{"taxonomy":"category","embeddable":true,"href":"https:\/\/archive.sana.sy\/es\/index.php?rest_route=%2Fwp%2Fv2%2Fcategories&post=31755"},{"taxonomy":"post_tag","embeddable":true,"href":"https:\/\/archive.sana.sy\/es\/index.php?rest_route=%2Fwp%2Fv2%2Ftags&post=31755"}],"curies":[{"name":"wp","href":"https:\/\/api.w.org\/{rel}","templated":true}]}}