{"id":317569,"date":"2023-12-23T11:44:00","date_gmt":"2023-12-23T08:44:00","guid":{"rendered":"https:\/\/sana.sy\/es\/?p=317569"},"modified":"2023-12-23T11:45:36","modified_gmt":"2023-12-23T08:45:36","slug":"por-78-dias-consecutivosisrael-continua-sus-brutales-bombardeos-contra-la-franja-de-gaza","status":"publish","type":"post","link":"https:\/\/archive.sana.sy\/es\/?p=317569","title":{"rendered":"Por 78 d\u00edas consecutivos\u2026\u201cIsrael\u201d contin\u00faa sus brutales bombardeos contra la Franja de Gaza"},"content":{"rendered":"<p style=\"text-align: justify;\"><span style=\"color: #800000;\"><strong>Palestina ocupada, 23 dic (SANA)\u00a0<\/strong><\/span> Las fuerzas de ocupaci\u00f3n israel\u00edes contin\u00faan su agresi\u00f3n fascista contra la asolada Franja de Gaza, por 78\u00ba d\u00eda, con violentos bombardeos a\u00e9reos y de artiller\u00eda, cometiendo cr\u00edmenes horrendos y brutales masacres.<\/p>\n<p style=\"text-align: justify;\">Seg\u00fan informaron medios de prensa palestinos, los cazas israel\u00edes bombardearon varias viviendas en el centro de la ciudad de Deir al-Balah, lo que provoc\u00f3 la muerte y lesi\u00f3n de decenas de inocentes.<\/p>\n<p style=\"text-align: justify;\">De igual manera, los aviones de combate del ocupante sionista atacaron una casa en el campamento Nuseirat causando la muerte de 18 personas y heridas a otros.<\/p>\n<p style=\"text-align: justify;\">Adem\u00e1s, la aviaci\u00f3n militar israel\u00ed perpetr\u00f3 decenas de incursiones contra Bani Suhaila, al este de Khan Yunis, en el sur de la Franja de Gaza.<\/p>\n<p style=\"text-align: justify;\">sm<\/p>\n","protected":false},"excerpt":{"rendered":"<p>Palestina ocupada, 23 dic (SANA)\u00a0 Las fuerzas de ocupaci\u00f3n israel\u00edes contin\u00faan su agresi\u00f3n fascista contra la asolada Franja de Gaza, por 78\u00ba d\u00eda, con violentos bombardeos a\u00e9reos y de artiller\u00eda, cometiendo cr\u00edmenes horrendos y brutales masacres. Seg\u00fan informaron medios de prensa palestinos, los cazas israel\u00edes bombardearon varias viviendas en el centro de la ciudad de &hellip;<\/p>\n","protected":false},"author":39,"featured_media":317570,"comment_status":"closed","ping_status":"closed","sticky":false,"template":"","format":"standard","meta":{"footnotes":""},"categories":[597,456,16687,20724,7541],"tags":[],"class_list":["post-317569","post","type-post","status-publish","format-standard","has-post-thumbnail","","category-cinta-de-noticias","category-arabe-internacional-politica","category-internacionales","category-minuto-a-minuto","category-ultimas-noticias"],"_links":{"self":[{"href":"https:\/\/archive.sana.sy\/es\/index.php?rest_route=\/wp\/v2\/posts\/317569"}],"collection":[{"href":"https:\/\/archive.sana.sy\/es\/index.php?rest_route=\/wp\/v2\/posts"}],"about":[{"href":"https:\/\/archive.sana.sy\/es\/index.php?rest_route=\/wp\/v2\/types\/post"}],"author":[{"embeddable":true,"href":"https:\/\/archive.sana.sy\/es\/index.php?rest_route=\/wp\/v2\/users\/39"}],"replies":[{"embeddable":true,"href":"https:\/\/archive.sana.sy\/es\/index.php?rest_route=%2Fwp%2Fv2%2Fcomments&post=317569"}],"version-history":[{"count":3,"href":"https:\/\/archive.sana.sy\/es\/index.php?rest_route=\/wp\/v2\/posts\/317569\/revisions"}],"predecessor-version":[{"id":317573,"href":"https:\/\/archive.sana.sy\/es\/index.php?rest_route=\/wp\/v2\/posts\/317569\/revisions\/317573"}],"wp:featuredmedia":[{"embeddable":true,"href":"https:\/\/archive.sana.sy\/es\/index.php?rest_route=\/wp\/v2\/media\/317570"}],"wp:attachment":[{"href":"https:\/\/archive.sana.sy\/es\/index.php?rest_route=%2Fwp%2Fv2%2Fmedia&parent=317569"}],"wp:term":[{"taxonomy":"category","embeddable":true,"href":"https:\/\/archive.sana.sy\/es\/index.php?rest_route=%2Fwp%2Fv2%2Fcategories&post=317569"},{"taxonomy":"post_tag","embeddable":true,"href":"https:\/\/archive.sana.sy\/es\/index.php?rest_route=%2Fwp%2Fv2%2Ftags&post=317569"}],"curies":[{"name":"wp","href":"https:\/\/api.w.org\/{rel}","templated":true}]}}