{"id":317574,"date":"2023-12-23T12:24:30","date_gmt":"2023-12-23T09:24:30","guid":{"rendered":"https:\/\/sana.sy\/es\/?p=317574"},"modified":"2023-12-23T12:24:30","modified_gmt":"2023-12-23T09:24:30","slug":"canciller-sirio-llega-a-teheran-para-participar-en-la-conferencia-consultiva-internacional-de-alto-nivel-sobre-palestina","status":"publish","type":"post","link":"https:\/\/archive.sana.sy\/es\/?p=317574","title":{"rendered":"Canciller sirio llega a Teher\u00e1n para participar en la Conferencia Consultiva Internacional de Alto Nivel sobre Palestina"},"content":{"rendered":"<p style=\"text-align: justify;\"><span style=\"color: #800000;\"><strong>Teher\u00e1n, 23 dic (SANA)<\/strong><\/span>\u00a0El ministro sirio de Relaciones Exteriores y Expatriados, Faisal al-Mekdad lleg\u00f3 hoy, encabezando una delegaci\u00f3n oficial, a Ir\u00e1n en respuesta a una invitaci\u00f3n de su hom\u00f3logo iran\u00ed, Hussein Amir Abdullahian, para participar en la Conferencia Consultiva Internacional de Alto Nivel sobre Palestina.<\/p>\n<p style=\"text-align: justify;\">La Conferencia Internacional sobre Palestina, que comienza hoy en Teher\u00e1n, busca fortalecer el apoyo internacional al pueblo palestino y presionar a \u201cIsrael\u201d para que detenga inmediatamente sus ataques contra de Gaza y que levante completamente su asedio sobre la Franja.<\/p>\n<p style=\"text-align: justify;\">En el referido evento participan funcionarios gubernamentales de alto nivel, figuras pol\u00edticas y religiosas, pensadores destacados y periodistas de m\u00e1s de 50 pa\u00edses del mundo.<\/p>\n<p style=\"text-align: justify;\">Adem\u00e1s del canciller al-Mekdad, la delegaci\u00f3n siria est\u00e1 conformada por el viceministro de Asuntos Exteriores y Expatriados, Bassam Sabbagh, el consejero Wissam Ajeeb y el tercer secretario Ziad Zaytoun de la Oficina del Ministro.<\/p>\n<p style=\"text-align: justify;\">sm<\/p>\n","protected":false},"excerpt":{"rendered":"<p>Teher\u00e1n, 23 dic (SANA)\u00a0El ministro sirio de Relaciones Exteriores y Expatriados, Faisal al-Mekdad lleg\u00f3 hoy, encabezando una delegaci\u00f3n oficial, a Ir\u00e1n en respuesta a una invitaci\u00f3n de su hom\u00f3logo iran\u00ed, Hussein Amir Abdullahian, para participar en la Conferencia Consultiva Internacional de Alto Nivel sobre Palestina. La Conferencia Internacional sobre Palestina, que comienza hoy en Teher\u00e1n, &hellip;<\/p>\n","protected":false},"author":39,"featured_media":317575,"comment_status":"closed","ping_status":"closed","sticky":false,"template":"","format":"standard","meta":{"footnotes":""},"categories":[597,456,16687,20724,467,583],"tags":[],"class_list":["post-317574","post","type-post","status-publish","format-standard","has-post-thumbnail","","category-cinta-de-noticias","category-arabe-internacional-politica","category-internacionales","category-minuto-a-minuto","category-siria-y-el-mundo","category-slide"],"_links":{"self":[{"href":"https:\/\/archive.sana.sy\/es\/index.php?rest_route=\/wp\/v2\/posts\/317574"}],"collection":[{"href":"https:\/\/archive.sana.sy\/es\/index.php?rest_route=\/wp\/v2\/posts"}],"about":[{"href":"https:\/\/archive.sana.sy\/es\/index.php?rest_route=\/wp\/v2\/types\/post"}],"author":[{"embeddable":true,"href":"https:\/\/archive.sana.sy\/es\/index.php?rest_route=\/wp\/v2\/users\/39"}],"replies":[{"embeddable":true,"href":"https:\/\/archive.sana.sy\/es\/index.php?rest_route=%2Fwp%2Fv2%2Fcomments&post=317574"}],"version-history":[{"count":1,"href":"https:\/\/archive.sana.sy\/es\/index.php?rest_route=\/wp\/v2\/posts\/317574\/revisions"}],"predecessor-version":[{"id":317576,"href":"https:\/\/archive.sana.sy\/es\/index.php?rest_route=\/wp\/v2\/posts\/317574\/revisions\/317576"}],"wp:featuredmedia":[{"embeddable":true,"href":"https:\/\/archive.sana.sy\/es\/index.php?rest_route=\/wp\/v2\/media\/317575"}],"wp:attachment":[{"href":"https:\/\/archive.sana.sy\/es\/index.php?rest_route=%2Fwp%2Fv2%2Fmedia&parent=317574"}],"wp:term":[{"taxonomy":"category","embeddable":true,"href":"https:\/\/archive.sana.sy\/es\/index.php?rest_route=%2Fwp%2Fv2%2Fcategories&post=317574"},{"taxonomy":"post_tag","embeddable":true,"href":"https:\/\/archive.sana.sy\/es\/index.php?rest_route=%2Fwp%2Fv2%2Ftags&post=317574"}],"curies":[{"name":"wp","href":"https:\/\/api.w.org\/{rel}","templated":true}]}}