{"id":317578,"date":"2023-12-23T13:08:41","date_gmt":"2023-12-23T10:08:41","guid":{"rendered":"https:\/\/sana.sy\/es\/?p=317578"},"modified":"2023-12-23T13:08:41","modified_gmt":"2023-12-23T10:08:41","slug":"israel-reanuda-sus-bombardeos-contra-el-sur-del-libano-2","status":"publish","type":"post","link":"https:\/\/archive.sana.sy\/es\/?p=317578","title":{"rendered":"\u201cIsrael\u201d reanuda sus bombardeos contra el sur del L\u00edbano"},"content":{"rendered":"<p style=\"text-align: justify;\"><span style=\"color: #800000;\"><strong>Beirut,23 dic (SANA)<\/strong> <\/span>Las fuerzas de ocupaci\u00f3n israel\u00edes reanudaron sus ataques contra varias localidades en el sur del L\u00edbano.<\/p>\n<p style=\"text-align: justify;\">La Agencia Nacional Libanesa de Noticias anunci\u00f3 que el ej\u00e9rcito israel\u00ed bombarde\u00f3 hoy con artiller\u00eda los alrededores de las localidades de Aita Al-Shaab y Ramiya en el sur del pa\u00eds.<\/p>\n<p style=\"text-align: justify;\">Adem\u00e1s, los cazas del ocupante israel\u00ed lanzaron tres ataques en el r\u00edo Al-Khardali, al sur de Litani, cerca de una centro de la FPNUL, asimismo bombarde\u00f3 con artiller\u00eda el lecho del r\u00edo Litani, al oeste de la colina Loubiy, as\u00ed como las cercan\u00edas del poblado Dermamas.<\/p>\n<p style=\"text-align: justify;\">En v\u00edspera, las tropas israel\u00edes dispararon bengalas en el cielo de los sectores occidental y central, y sobre el r\u00edo Litani, mientras los aviones de reconocimiento sobrevolaban localidades costeras nacionales.<\/p>\n<p style=\"text-align: justify;\">De igual manera, los aviones militares sionistas lanzaron una incursi\u00f3n en las afueras del poblado Yaron, mientras un dron israel\u00ed atac\u00f3 una casa deshabitada entre las poblados de Al-Quzah y Beit Lev.<\/p>\n<p>lo\/sm\/fm<\/p>\n","protected":false},"excerpt":{"rendered":"<p>Beirut,23 dic (SANA) Las fuerzas de ocupaci\u00f3n israel\u00edes reanudaron sus ataques contra varias localidades en el sur del L\u00edbano. La Agencia Nacional Libanesa de Noticias anunci\u00f3 que el ej\u00e9rcito israel\u00ed bombarde\u00f3 hoy con artiller\u00eda los alrededores de las localidades de Aita Al-Shaab y Ramiya en el sur del pa\u00eds. Adem\u00e1s, los cazas del ocupante israel\u00ed &hellip;<\/p>\n","protected":false},"author":39,"featured_media":317579,"comment_status":"closed","ping_status":"closed","sticky":false,"template":"","format":"standard","meta":{"footnotes":""},"categories":[597,456,16687,20724,7541],"tags":[],"class_list":["post-317578","post","type-post","status-publish","format-standard","has-post-thumbnail","","category-cinta-de-noticias","category-arabe-internacional-politica","category-internacionales","category-minuto-a-minuto","category-ultimas-noticias"],"_links":{"self":[{"href":"https:\/\/archive.sana.sy\/es\/index.php?rest_route=\/wp\/v2\/posts\/317578"}],"collection":[{"href":"https:\/\/archive.sana.sy\/es\/index.php?rest_route=\/wp\/v2\/posts"}],"about":[{"href":"https:\/\/archive.sana.sy\/es\/index.php?rest_route=\/wp\/v2\/types\/post"}],"author":[{"embeddable":true,"href":"https:\/\/archive.sana.sy\/es\/index.php?rest_route=\/wp\/v2\/users\/39"}],"replies":[{"embeddable":true,"href":"https:\/\/archive.sana.sy\/es\/index.php?rest_route=%2Fwp%2Fv2%2Fcomments&post=317578"}],"version-history":[{"count":1,"href":"https:\/\/archive.sana.sy\/es\/index.php?rest_route=\/wp\/v2\/posts\/317578\/revisions"}],"predecessor-version":[{"id":317580,"href":"https:\/\/archive.sana.sy\/es\/index.php?rest_route=\/wp\/v2\/posts\/317578\/revisions\/317580"}],"wp:featuredmedia":[{"embeddable":true,"href":"https:\/\/archive.sana.sy\/es\/index.php?rest_route=\/wp\/v2\/media\/317579"}],"wp:attachment":[{"href":"https:\/\/archive.sana.sy\/es\/index.php?rest_route=%2Fwp%2Fv2%2Fmedia&parent=317578"}],"wp:term":[{"taxonomy":"category","embeddable":true,"href":"https:\/\/archive.sana.sy\/es\/index.php?rest_route=%2Fwp%2Fv2%2Fcategories&post=317578"},{"taxonomy":"post_tag","embeddable":true,"href":"https:\/\/archive.sana.sy\/es\/index.php?rest_route=%2Fwp%2Fv2%2Ftags&post=317578"}],"curies":[{"name":"wp","href":"https:\/\/api.w.org\/{rel}","templated":true}]}}