{"id":317598,"date":"2023-12-23T15:36:31","date_gmt":"2023-12-23T12:36:31","guid":{"rendered":"https:\/\/sana.sy\/es\/?p=317598"},"modified":"2023-12-23T15:36:31","modified_gmt":"2023-12-23T12:36:31","slug":"inicia-en-teheran-la-conferencia-internacional-sobre-palestina","status":"publish","type":"post","link":"https:\/\/archive.sana.sy\/es\/?p=317598","title":{"rendered":"Inicia en Teher\u00e1n la conferencia internacional sobre Palestina"},"content":{"rendered":"<p style=\"text-align: justify;\"><span style=\"color: #800000;\"><strong>Teher\u00e1n, 23 dic (SANA)<\/strong> <\/span>La Conferencia Consultiva Internacional de Alto Nivel sobre Palestina comenz\u00f3 hoy en Teher\u00e1n, la capital iran\u00ed, con la participaci\u00f3n de representantes de m\u00e1s de 50 pa\u00edses, incluida Siria.<\/p>\n<p style=\"text-align: justify;\">En el evento, participan funcionarios gubernamentales de alto nivel y destacadas figuras pol\u00edticas, religiosas, intelectuales y medi\u00e1ticas de diferentes pa\u00edses del mundo.<\/p>\n<p style=\"text-align: justify;\">La delegaci\u00f3n siria incluye al ministro de Asuntos Exteriores y Expatriados, Faisal Al-Mekdad, el vicecanciller Bassam Sabbagh, el Consejero Wissam Ajeeb y el tercer secretario Ziad Zaitoun, de la Oficina del Ministro.<\/p>\n<p style=\"text-align: justify;\">El portavoz del Ministerio de Asuntos Exteriores iran\u00ed, Nasser Kanaani, dijo en una declaraci\u00f3n, que la Conferencia pretende fortalecer el apoyo internacional al pueblo palestino e intensificar la presi\u00f3n sobre la entidad sionista para que detenga por completo los ataques militares contra Gaza y levante el asedio\u201d.<\/p>\n<p style=\"text-align: justify;\">fm\/sm<\/p>\n","protected":false},"excerpt":{"rendered":"<p>Teher\u00e1n, 23 dic (SANA) La Conferencia Consultiva Internacional de Alto Nivel sobre Palestina comenz\u00f3 hoy en Teher\u00e1n, la capital iran\u00ed, con la participaci\u00f3n de representantes de m\u00e1s de 50 pa\u00edses, incluida Siria. En el evento, participan funcionarios gubernamentales de alto nivel y destacadas figuras pol\u00edticas, religiosas, intelectuales y medi\u00e1ticas de diferentes pa\u00edses del mundo. La &hellip;<\/p>\n","protected":false},"author":39,"featured_media":317599,"comment_status":"closed","ping_status":"closed","sticky":false,"template":"","format":"standard","meta":{"footnotes":""},"categories":[597,456,16687,20724,467,7541],"tags":[],"class_list":["post-317598","post","type-post","status-publish","format-standard","has-post-thumbnail","","category-cinta-de-noticias","category-arabe-internacional-politica","category-internacionales","category-minuto-a-minuto","category-siria-y-el-mundo","category-ultimas-noticias"],"_links":{"self":[{"href":"https:\/\/archive.sana.sy\/es\/index.php?rest_route=\/wp\/v2\/posts\/317598"}],"collection":[{"href":"https:\/\/archive.sana.sy\/es\/index.php?rest_route=\/wp\/v2\/posts"}],"about":[{"href":"https:\/\/archive.sana.sy\/es\/index.php?rest_route=\/wp\/v2\/types\/post"}],"author":[{"embeddable":true,"href":"https:\/\/archive.sana.sy\/es\/index.php?rest_route=\/wp\/v2\/users\/39"}],"replies":[{"embeddable":true,"href":"https:\/\/archive.sana.sy\/es\/index.php?rest_route=%2Fwp%2Fv2%2Fcomments&post=317598"}],"version-history":[{"count":1,"href":"https:\/\/archive.sana.sy\/es\/index.php?rest_route=\/wp\/v2\/posts\/317598\/revisions"}],"predecessor-version":[{"id":317600,"href":"https:\/\/archive.sana.sy\/es\/index.php?rest_route=\/wp\/v2\/posts\/317598\/revisions\/317600"}],"wp:featuredmedia":[{"embeddable":true,"href":"https:\/\/archive.sana.sy\/es\/index.php?rest_route=\/wp\/v2\/media\/317599"}],"wp:attachment":[{"href":"https:\/\/archive.sana.sy\/es\/index.php?rest_route=%2Fwp%2Fv2%2Fmedia&parent=317598"}],"wp:term":[{"taxonomy":"category","embeddable":true,"href":"https:\/\/archive.sana.sy\/es\/index.php?rest_route=%2Fwp%2Fv2%2Fcategories&post=317598"},{"taxonomy":"post_tag","embeddable":true,"href":"https:\/\/archive.sana.sy\/es\/index.php?rest_route=%2Fwp%2Fv2%2Ftags&post=317598"}],"curies":[{"name":"wp","href":"https:\/\/api.w.org\/{rel}","templated":true}]}}