{"id":31763,"date":"2015-10-17T20:08:26","date_gmt":"2015-10-17T17:08:26","guid":{"rendered":"http:\/\/sana.sy\/es\/?p=31763"},"modified":"2015-10-17T20:08:26","modified_gmt":"2015-10-17T17:08:26","slug":"iran-condena-ataques-terroristas-contra-un-mezquita-en-arabia-saudi","status":"publish","type":"post","link":"https:\/\/archive.sana.sy\/es\/?p=31763","title":{"rendered":"Ir\u00e1n condena ataques terroristas contra un mezquita en Arabia Saud\u00ed"},"content":{"rendered":"<p style=\"text-align: justify\"><span style=\"color: #800000\">Teher\u00e1n, SANA<\/span>&#8211; La Canciller\u00eda iran\u00ed conden\u00f3 en\u00e9rgicamente el atentado terrorista contra la mezquita de al-Haydariyah en el este de Arabia Saud\u00ed.<\/p>\n<p style=\"text-align: justify\">\u201cLas actividades extremistas e inhumanas de los terroristas y entre tanto el sacrificio de personas inocentes han provocado una situaci\u00f3n lamentable. Es necesario que la comunidad internacional se plantee ante todo dejar de ayudar a los grupos terroristas takfir\u00edes y aplicar medidas eficaces\u201d, ha subrayado este s\u00e1bado la portavoz de la Canciller\u00eda, Marzie Afjam.<\/p>\n<p style=\"text-align: justify\">Al menos 5 personas murieron y varias resultaron heridas el viernes en dos ataques armados contra la mezquita al-Haydariyah en el este de Arabia Saud\u00ed.<\/p>\n<p style=\"text-align: justify\">El grupo terrorista takfir\u00ed EI (Valiato de Bahrein) reivindic\u00f3 la autor\u00eda del hecho.<\/p>\n<p>M.Miri<\/p>\n","protected":false},"excerpt":{"rendered":"<p>Teher\u00e1n, SANA&#8211; La Canciller\u00eda iran\u00ed conden\u00f3 en\u00e9rgicamente el atentado terrorista contra la mezquita de al-Haydariyah en el este de Arabia Saud\u00ed. \u201cLas actividades extremistas e inhumanas de los terroristas y entre tanto el sacrificio de personas inocentes han provocado una situaci\u00f3n lamentable. Es necesario que la comunidad internacional se plantee ante todo dejar de ayudar &hellip;<\/p>\n","protected":false},"author":1,"featured_media":31764,"comment_status":"closed","ping_status":"closed","sticky":false,"template":"","format":"standard","meta":{"footnotes":""},"categories":[456,457],"tags":[7082],"class_list":["post-31763","post","type-post","status-publish","format-standard","has-post-thumbnail","","category-arabe-internacional-politica","category-noticias-arabe-internacional-politica","tag-iran-condena-ataques-terroristas-contra-un-mezquita-en-arabia-saudi"],"_links":{"self":[{"href":"https:\/\/archive.sana.sy\/es\/index.php?rest_route=\/wp\/v2\/posts\/31763"}],"collection":[{"href":"https:\/\/archive.sana.sy\/es\/index.php?rest_route=\/wp\/v2\/posts"}],"about":[{"href":"https:\/\/archive.sana.sy\/es\/index.php?rest_route=\/wp\/v2\/types\/post"}],"author":[{"embeddable":true,"href":"https:\/\/archive.sana.sy\/es\/index.php?rest_route=\/wp\/v2\/users\/1"}],"replies":[{"embeddable":true,"href":"https:\/\/archive.sana.sy\/es\/index.php?rest_route=%2Fwp%2Fv2%2Fcomments&post=31763"}],"version-history":[{"count":0,"href":"https:\/\/archive.sana.sy\/es\/index.php?rest_route=\/wp\/v2\/posts\/31763\/revisions"}],"wp:featuredmedia":[{"embeddable":true,"href":"https:\/\/archive.sana.sy\/es\/index.php?rest_route=\/wp\/v2\/media\/31764"}],"wp:attachment":[{"href":"https:\/\/archive.sana.sy\/es\/index.php?rest_route=%2Fwp%2Fv2%2Fmedia&parent=31763"}],"wp:term":[{"taxonomy":"category","embeddable":true,"href":"https:\/\/archive.sana.sy\/es\/index.php?rest_route=%2Fwp%2Fv2%2Fcategories&post=31763"},{"taxonomy":"post_tag","embeddable":true,"href":"https:\/\/archive.sana.sy\/es\/index.php?rest_route=%2Fwp%2Fv2%2Ftags&post=31763"}],"curies":[{"name":"wp","href":"https:\/\/api.w.org\/{rel}","templated":true}]}}