{"id":317670,"date":"2023-12-24T10:07:52","date_gmt":"2023-12-24T07:07:52","guid":{"rendered":"https:\/\/sana.sy\/es\/?p=317670"},"modified":"2023-12-24T10:07:52","modified_gmt":"2023-12-24T07:07:52","slug":"ejercito-israeli-reconoce-cinco-bajas-mortales-y-44-heridos-en-los-choques-en-gaza","status":"publish","type":"post","link":"https:\/\/archive.sana.sy\/es\/?p=317670","title":{"rendered":"Ej\u00e9rcito israel\u00ed reconoce cinco bajas mortales y 44 heridos en los choques en Gaza"},"content":{"rendered":"<p style=\"text-align: justify;\"><span style=\"color: #800000;\"><strong>Jerusal\u00e9n ocupada, 24 dic (SANA)<\/strong><\/span> El ej\u00e9rcito de ocupaci\u00f3n israel\u00ed reconoci\u00f3 hoy que cinco de sus soldados y oficiales murieron y otros 44 resultaron heridos, durante enfrentamientos con la resistencia palestina en la Franja de Gaza.<\/p>\n<p style=\"text-align: justify;\">Con estas cinco bajas, el n\u00famero de muertes reconocidas desde el inicio de su agresi\u00f3n terrestre en la Franja de Gaza asciende a 150 militares, teniendo en cuenta que el ocupante no admite las cifras reales de sus muertes y sus p\u00e9rdidas en los enfrentamientos con la resistencia palestina.<\/p>\n<p style=\"text-align: justify;\">A su vez, la resistencia anunci\u00f3 que hab\u00eda atacado 105 veh\u00edculos de transporte de tropas del ocupante empleando proyectiles Yassin y RPG al norte de la ciudad de Khan Yunis, al sur de la Franja de Gaza.<\/p>\n<p style=\"text-align: justify;\">Asimismo, elimin\u00f3 a cinco soldados al volar un t\u00fanel despu\u00e9s de haber entrado en el mismo.<\/p>\n<p style=\"text-align: justify;\">La resistencia tambi\u00e9n atac\u00f3 una fuerza enemiga con un dispositivo antipersonal, matando e hiriendo a todos ellos al este de la zona de Juhr al-Dik en el centro de la Franja de Gaza.<\/p>\n<p style=\"text-align: justify;\">as\/fm<\/p>\n","protected":false},"excerpt":{"rendered":"<p>Jerusal\u00e9n ocupada, 24 dic (SANA) El ej\u00e9rcito de ocupaci\u00f3n israel\u00ed reconoci\u00f3 hoy que cinco de sus soldados y oficiales murieron y otros 44 resultaron heridos, durante enfrentamientos con la resistencia palestina en la Franja de Gaza. Con estas cinco bajas, el n\u00famero de muertes reconocidas desde el inicio de su agresi\u00f3n terrestre en la Franja &hellip;<\/p>\n","protected":false},"author":42,"featured_media":317671,"comment_status":"closed","ping_status":"closed","sticky":false,"template":"","format":"standard","meta":{"footnotes":""},"categories":[597,456,16687,20724,7541],"tags":[],"class_list":["post-317670","post","type-post","status-publish","format-standard","has-post-thumbnail","","category-cinta-de-noticias","category-arabe-internacional-politica","category-internacionales","category-minuto-a-minuto","category-ultimas-noticias"],"_links":{"self":[{"href":"https:\/\/archive.sana.sy\/es\/index.php?rest_route=\/wp\/v2\/posts\/317670"}],"collection":[{"href":"https:\/\/archive.sana.sy\/es\/index.php?rest_route=\/wp\/v2\/posts"}],"about":[{"href":"https:\/\/archive.sana.sy\/es\/index.php?rest_route=\/wp\/v2\/types\/post"}],"author":[{"embeddable":true,"href":"https:\/\/archive.sana.sy\/es\/index.php?rest_route=\/wp\/v2\/users\/42"}],"replies":[{"embeddable":true,"href":"https:\/\/archive.sana.sy\/es\/index.php?rest_route=%2Fwp%2Fv2%2Fcomments&post=317670"}],"version-history":[{"count":1,"href":"https:\/\/archive.sana.sy\/es\/index.php?rest_route=\/wp\/v2\/posts\/317670\/revisions"}],"predecessor-version":[{"id":317672,"href":"https:\/\/archive.sana.sy\/es\/index.php?rest_route=\/wp\/v2\/posts\/317670\/revisions\/317672"}],"wp:featuredmedia":[{"embeddable":true,"href":"https:\/\/archive.sana.sy\/es\/index.php?rest_route=\/wp\/v2\/media\/317671"}],"wp:attachment":[{"href":"https:\/\/archive.sana.sy\/es\/index.php?rest_route=%2Fwp%2Fv2%2Fmedia&parent=317670"}],"wp:term":[{"taxonomy":"category","embeddable":true,"href":"https:\/\/archive.sana.sy\/es\/index.php?rest_route=%2Fwp%2Fv2%2Fcategories&post=317670"},{"taxonomy":"post_tag","embeddable":true,"href":"https:\/\/archive.sana.sy\/es\/index.php?rest_route=%2Fwp%2Fv2%2Ftags&post=317670"}],"curies":[{"name":"wp","href":"https:\/\/api.w.org\/{rel}","templated":true}]}}