{"id":317695,"date":"2023-12-24T16:54:43","date_gmt":"2023-12-24T13:54:43","guid":{"rendered":"https:\/\/sana.sy\/es\/?p=317695"},"modified":"2023-12-24T19:54:47","modified_gmt":"2023-12-24T16:54:47","slug":"bajo-auspicios-del-presidente-al-assad-efectuan-ceremonia-de-graduacion-de-oficiales-de-alto-mando-y-estado-mayor","status":"publish","type":"post","link":"https:\/\/archive.sana.sy\/es\/?p=317695","title":{"rendered":"Siria grad\u00faa nuevo grupo de oficiales de Alto Mando y Estado Mayor"},"content":{"rendered":"<p style=\"text-align: justify;\"><span style=\"color: #800000;\"><strong>Damasco, 24 dic (SANA)<\/strong><\/span>\u00a0 Bajo el patrocinio del presidente Bashar al-Assad, comandante en jefe del Ej\u00e9rcito y las Fuerzas Armadas, se celebr\u00f3 hoy en la sede de la Academia Militar Superior, la graduaci\u00f3n de la decimoctava promoci\u00f3n de oficiales de Alto Mando y Estado Mayor.<\/p>\n<p>El teniente general Abdulkarim Mahmoud Ibrahim, jefe del Estado Mayor General del Ej\u00e9rcito y de las Fuerzas Armadas, represent\u00f3 al presidente al-Assad en la ceremonia.<\/p>\n<p>El evento comenz\u00f3 con un minuto de silencio en honor a las almas de los m\u00e1rtires, y luego se enton\u00f3 el Himno Nacional de la Rep\u00fablica \u00c1rabe Siria.<\/p>\n<div id='gallery-1' class='gallery galleryid-317695 gallery-columns-2 gallery-size-medium'><figure class='gallery-item'>\n\t\t\t<div class='gallery-icon landscape'>\n\t\t\t\t<a href='https:\/\/archive.sana.sy\/es\/wp-content\/uploads\/2023\/12\/photo_2023-12-24_16-28-53.jpg'><img loading=\"lazy\" decoding=\"async\" width=\"300\" height=\"200\" src=\"https:\/\/archive.sana.sy\/es\/wp-content\/uploads\/2023\/12\/photo_2023-12-24_16-28-53-300x200.jpg\" class=\"attachment-medium size-medium\" alt=\"\" srcset=\"https:\/\/archive.sana.sy\/es\/wp-content\/uploads\/2023\/12\/photo_2023-12-24_16-28-53-300x200.jpg 300w, https:\/\/archive.sana.sy\/es\/wp-content\/uploads\/2023\/12\/photo_2023-12-24_16-28-53-1024x682.jpg 1024w, https:\/\/archive.sana.sy\/es\/wp-content\/uploads\/2023\/12\/photo_2023-12-24_16-28-53-150x100.jpg 150w, https:\/\/archive.sana.sy\/es\/wp-content\/uploads\/2023\/12\/photo_2023-12-24_16-28-53-768x512.jpg 768w, https:\/\/archive.sana.sy\/es\/wp-content\/uploads\/2023\/12\/photo_2023-12-24_16-28-53.jpg 1280w\" sizes=\"(max-width: 300px) 100vw, 300px\" \/><\/a>\n\t\t\t<\/div><\/figure><figure class='gallery-item'>\n\t\t\t<div class='gallery-icon landscape'>\n\t\t\t\t<a href='https:\/\/archive.sana.sy\/es\/wp-content\/uploads\/2023\/12\/photo_2023-12-24_16-17-06.jpg'><img loading=\"lazy\" decoding=\"async\" width=\"300\" height=\"200\" src=\"https:\/\/archive.sana.sy\/es\/wp-content\/uploads\/2023\/12\/photo_2023-12-24_16-17-06-300x200.jpg\" class=\"attachment-medium size-medium\" alt=\"\" srcset=\"https:\/\/archive.sana.sy\/es\/wp-content\/uploads\/2023\/12\/photo_2023-12-24_16-17-06-300x200.jpg 300w, https:\/\/archive.sana.sy\/es\/wp-content\/uploads\/2023\/12\/photo_2023-12-24_16-17-06-1024x683.jpg 1024w, https:\/\/archive.sana.sy\/es\/wp-content\/uploads\/2023\/12\/photo_2023-12-24_16-17-06-150x100.jpg 150w, https:\/\/archive.sana.sy\/es\/wp-content\/uploads\/2023\/12\/photo_2023-12-24_16-17-06-768x512.jpg 768w, https:\/\/archive.sana.sy\/es\/wp-content\/uploads\/2023\/12\/photo_2023-12-24_16-17-06.jpg 1280w\" sizes=\"(max-width: 300px) 100vw, 300px\" \/><\/a>\n\t\t\t<\/div><\/figure>\n\t\t<\/div>\n\n<p>&nbsp;<\/p>\n<p>rr\/fm<\/p>\n<p>&nbsp;<\/p>\n<p style=\"text-align: justify;\">\n","protected":false},"excerpt":{"rendered":"<p>Damasco, 24 dic (SANA)\u00a0 Bajo el patrocinio del presidente Bashar al-Assad, comandante en jefe del Ej\u00e9rcito y las Fuerzas Armadas, se celebr\u00f3 hoy en la sede de la Academia Militar Superior, la graduaci\u00f3n de la decimoctava promoci\u00f3n de oficiales de Alto Mando y Estado Mayor. El teniente general Abdulkarim Mahmoud Ibrahim, jefe del Estado Mayor &hellip;<\/p>\n","protected":false},"author":31,"featured_media":317696,"comment_status":"closed","ping_status":"closed","sticky":false,"template":"","format":"standard","meta":{"footnotes":""},"categories":[597,476,7541],"tags":[],"class_list":["post-317695","post","type-post","status-publish","format-standard","has-post-thumbnail","","category-cinta-de-noticias","category-locales","category-ultimas-noticias"],"_links":{"self":[{"href":"https:\/\/archive.sana.sy\/es\/index.php?rest_route=\/wp\/v2\/posts\/317695"}],"collection":[{"href":"https:\/\/archive.sana.sy\/es\/index.php?rest_route=\/wp\/v2\/posts"}],"about":[{"href":"https:\/\/archive.sana.sy\/es\/index.php?rest_route=\/wp\/v2\/types\/post"}],"author":[{"embeddable":true,"href":"https:\/\/archive.sana.sy\/es\/index.php?rest_route=\/wp\/v2\/users\/31"}],"replies":[{"embeddable":true,"href":"https:\/\/archive.sana.sy\/es\/index.php?rest_route=%2Fwp%2Fv2%2Fcomments&post=317695"}],"version-history":[{"count":4,"href":"https:\/\/archive.sana.sy\/es\/index.php?rest_route=\/wp\/v2\/posts\/317695\/revisions"}],"predecessor-version":[{"id":317711,"href":"https:\/\/archive.sana.sy\/es\/index.php?rest_route=\/wp\/v2\/posts\/317695\/revisions\/317711"}],"wp:featuredmedia":[{"embeddable":true,"href":"https:\/\/archive.sana.sy\/es\/index.php?rest_route=\/wp\/v2\/media\/317696"}],"wp:attachment":[{"href":"https:\/\/archive.sana.sy\/es\/index.php?rest_route=%2Fwp%2Fv2%2Fmedia&parent=317695"}],"wp:term":[{"taxonomy":"category","embeddable":true,"href":"https:\/\/archive.sana.sy\/es\/index.php?rest_route=%2Fwp%2Fv2%2Fcategories&post=317695"},{"taxonomy":"post_tag","embeddable":true,"href":"https:\/\/archive.sana.sy\/es\/index.php?rest_route=%2Fwp%2Fv2%2Ftags&post=317695"}],"curies":[{"name":"wp","href":"https:\/\/api.w.org\/{rel}","templated":true}]}}