{"id":317784,"date":"2023-12-25T13:35:33","date_gmt":"2023-12-25T10:35:33","guid":{"rendered":"https:\/\/sana.sy\/es\/?p=317784"},"modified":"2023-12-25T13:35:33","modified_gmt":"2023-12-25T10:35:33","slug":"un-palestino-resulta-herido-por-disparos-israelies-en-cisjordania","status":"publish","type":"post","link":"https:\/\/archive.sana.sy\/es\/?p=317784","title":{"rendered":"Un palestino resulta herido por disparos israel\u00edes en Cisjordania"},"content":{"rendered":"<p style=\"text-align: justify;\"><span style=\"color: #800000;\"><strong>Jerusal\u00e9n ocupada , 25 dic (SANA) <\/strong><\/span>Un palestino result\u00f3 herido hoy por disparos de las fuerzas de ocupaci\u00f3n israel\u00edes y otras nueve fueron arrestadas en varios localidades de Cisjordania.<\/p>\n<p style=\"text-align: justify;\">Seg\u00fan inform\u00f3 la agencia palestina de noticias Wafa, los militares israel\u00edes irrumpieron en la localidad de Aqaba, al norte de la ciudad de Tubas, y atacaron a los palestinos y abrieron el fuego de sus armas en su contra, lo que provoc\u00f3 lesiones a uno de ellos.<\/p>\n<p style=\"text-align: justify;\">Tambi\u00e9n, fueron arrestados nueve personas en la localidad de Al-Jalama, al noreste de Jenin, en Cisjordania.<\/p>\n<p style=\"text-align: justify;\">as\/fm<\/p>\n","protected":false},"excerpt":{"rendered":"<p>Jerusal\u00e9n ocupada , 25 dic (SANA) Un palestino result\u00f3 herido hoy por disparos de las fuerzas de ocupaci\u00f3n israel\u00edes y otras nueve fueron arrestadas en varios localidades de Cisjordania. Seg\u00fan inform\u00f3 la agencia palestina de noticias Wafa, los militares israel\u00edes irrumpieron en la localidad de Aqaba, al norte de la ciudad de Tubas, y atacaron &hellip;<\/p>\n","protected":false},"author":42,"featured_media":317785,"comment_status":"closed","ping_status":"closed","sticky":false,"template":"","format":"standard","meta":{"footnotes":""},"categories":[597,456,16687,20724,7541],"tags":[],"class_list":["post-317784","post","type-post","status-publish","format-standard","has-post-thumbnail","","category-cinta-de-noticias","category-arabe-internacional-politica","category-internacionales","category-minuto-a-minuto","category-ultimas-noticias"],"_links":{"self":[{"href":"https:\/\/archive.sana.sy\/es\/index.php?rest_route=\/wp\/v2\/posts\/317784"}],"collection":[{"href":"https:\/\/archive.sana.sy\/es\/index.php?rest_route=\/wp\/v2\/posts"}],"about":[{"href":"https:\/\/archive.sana.sy\/es\/index.php?rest_route=\/wp\/v2\/types\/post"}],"author":[{"embeddable":true,"href":"https:\/\/archive.sana.sy\/es\/index.php?rest_route=\/wp\/v2\/users\/42"}],"replies":[{"embeddable":true,"href":"https:\/\/archive.sana.sy\/es\/index.php?rest_route=%2Fwp%2Fv2%2Fcomments&post=317784"}],"version-history":[{"count":1,"href":"https:\/\/archive.sana.sy\/es\/index.php?rest_route=\/wp\/v2\/posts\/317784\/revisions"}],"predecessor-version":[{"id":317786,"href":"https:\/\/archive.sana.sy\/es\/index.php?rest_route=\/wp\/v2\/posts\/317784\/revisions\/317786"}],"wp:featuredmedia":[{"embeddable":true,"href":"https:\/\/archive.sana.sy\/es\/index.php?rest_route=\/wp\/v2\/media\/317785"}],"wp:attachment":[{"href":"https:\/\/archive.sana.sy\/es\/index.php?rest_route=%2Fwp%2Fv2%2Fmedia&parent=317784"}],"wp:term":[{"taxonomy":"category","embeddable":true,"href":"https:\/\/archive.sana.sy\/es\/index.php?rest_route=%2Fwp%2Fv2%2Fcategories&post=317784"},{"taxonomy":"post_tag","embeddable":true,"href":"https:\/\/archive.sana.sy\/es\/index.php?rest_route=%2Fwp%2Fv2%2Ftags&post=317784"}],"curies":[{"name":"wp","href":"https:\/\/api.w.org\/{rel}","templated":true}]}}