{"id":317790,"date":"2023-12-25T13:54:41","date_gmt":"2023-12-25T10:54:41","guid":{"rendered":"https:\/\/sana.sy\/es\/?p=317790"},"modified":"2023-12-25T13:54:41","modified_gmt":"2023-12-25T10:54:41","slug":"gustavo-petro-donde-estaba-el-pesebre-cayeron-bombas","status":"publish","type":"post","link":"https:\/\/archive.sana.sy\/es\/?p=317790","title":{"rendered":"Gustavo Petro: &#8220;Donde estaba el pesebre cayeron bombas&#8221;"},"content":{"rendered":"<p style=\"text-align: justify;\"><span style=\"color: #800000;\"><strong>Bogot\u00e1, 25 dic (SANA)<\/strong><\/span> El presidente de Colombia, Gustavo Petro, critic\u00f3 una vez m\u00e1s la guerra de &#8220;Israel&#8221; sobre la Franja de Gaza.<\/p>\n<p style=\"text-align: justify;\">El mandatario colombiano se\u00f1al\u00f3 en sus redes sociales que en la zona de los bombardeos de &#8220;Israel&#8221; contra Palestina &#8220;estaba el pesebre&#8221;, comparando a los &#8220;8.000 ni\u00f1os palestinos muertos&#8221; durante el conflicto con &#8220;el ni\u00f1o Dios&#8221;.<\/p>\n<p style=\"text-align: justify;\">Seg\u00fan difundi\u00f3 RT, durante la celebraci\u00f3n de la Novena navide\u00f1a, Petro volvi\u00f3 a referirse a la situaci\u00f3n en la Franja de Gaza, expresando sus condolencias a todo el pueblo que sufre all\u00e1 donde naci\u00f3 Jes\u00fas&#8221;.<\/p>\n<p style=\"text-align: justify;\">fm\/as<\/p>\n","protected":false},"excerpt":{"rendered":"<p>Bogot\u00e1, 25 dic (SANA) El presidente de Colombia, Gustavo Petro, critic\u00f3 una vez m\u00e1s la guerra de &#8220;Israel&#8221; sobre la Franja de Gaza. El mandatario colombiano se\u00f1al\u00f3 en sus redes sociales que en la zona de los bombardeos de &#8220;Israel&#8221; contra Palestina &#8220;estaba el pesebre&#8221;, comparando a los &#8220;8.000 ni\u00f1os palestinos muertos&#8221; durante el conflicto &hellip;<\/p>\n","protected":false},"author":42,"featured_media":317791,"comment_status":"closed","ping_status":"closed","sticky":false,"template":"","format":"standard","meta":{"footnotes":""},"categories":[597,456,16687,20724,7541],"tags":[],"class_list":["post-317790","post","type-post","status-publish","format-standard","has-post-thumbnail","","category-cinta-de-noticias","category-arabe-internacional-politica","category-internacionales","category-minuto-a-minuto","category-ultimas-noticias"],"_links":{"self":[{"href":"https:\/\/archive.sana.sy\/es\/index.php?rest_route=\/wp\/v2\/posts\/317790"}],"collection":[{"href":"https:\/\/archive.sana.sy\/es\/index.php?rest_route=\/wp\/v2\/posts"}],"about":[{"href":"https:\/\/archive.sana.sy\/es\/index.php?rest_route=\/wp\/v2\/types\/post"}],"author":[{"embeddable":true,"href":"https:\/\/archive.sana.sy\/es\/index.php?rest_route=\/wp\/v2\/users\/42"}],"replies":[{"embeddable":true,"href":"https:\/\/archive.sana.sy\/es\/index.php?rest_route=%2Fwp%2Fv2%2Fcomments&post=317790"}],"version-history":[{"count":1,"href":"https:\/\/archive.sana.sy\/es\/index.php?rest_route=\/wp\/v2\/posts\/317790\/revisions"}],"predecessor-version":[{"id":317792,"href":"https:\/\/archive.sana.sy\/es\/index.php?rest_route=\/wp\/v2\/posts\/317790\/revisions\/317792"}],"wp:featuredmedia":[{"embeddable":true,"href":"https:\/\/archive.sana.sy\/es\/index.php?rest_route=\/wp\/v2\/media\/317791"}],"wp:attachment":[{"href":"https:\/\/archive.sana.sy\/es\/index.php?rest_route=%2Fwp%2Fv2%2Fmedia&parent=317790"}],"wp:term":[{"taxonomy":"category","embeddable":true,"href":"https:\/\/archive.sana.sy\/es\/index.php?rest_route=%2Fwp%2Fv2%2Fcategories&post=317790"},{"taxonomy":"post_tag","embeddable":true,"href":"https:\/\/archive.sana.sy\/es\/index.php?rest_route=%2Fwp%2Fv2%2Ftags&post=317790"}],"curies":[{"name":"wp","href":"https:\/\/api.w.org\/{rel}","templated":true}]}}