{"id":317793,"date":"2023-12-25T14:05:18","date_gmt":"2023-12-25T11:05:18","guid":{"rendered":"https:\/\/sana.sy\/es\/?p=317793"},"modified":"2023-12-25T14:05:18","modified_gmt":"2023-12-25T11:05:18","slug":"moscu-habia-alertado-a-belgrado-sobre-posibles-disturbios","status":"publish","type":"post","link":"https:\/\/archive.sana.sy\/es\/?p=317793","title":{"rendered":"Mosc\u00fa hab\u00eda alertado a Belgrado sobre posibles disturbios"},"content":{"rendered":"<p style=\"text-align: justify;\"><span style=\"color: #800000;\"><strong>Belgrado, 25 dic (SANA)<\/strong> <\/span>El pasado 24 de diciembre, partidarios de la oposici\u00f3n en Serbia intentaron irrumpir en la administraci\u00f3n municipal de la capital serbia.<\/p>\n<p style=\"text-align: justify;\">La primera ministra serbia, Ana Brnabic, declar\u00f3 que Mosc\u00fa advirti\u00f3 a Belgrado de posibles disturbios. &#8220;Ten\u00edamos informaci\u00f3n de los servicios que alertaban sobre esto. En primer lugar, el servicio de seguridad ruso tambi\u00e9n nos proporcion\u00f3 esa informaci\u00f3n&#8221;, dijo.<\/p>\n<p style=\"text-align: justify;\">Calific\u00f3 los disturbios de &#8220;un intento de Maid\u00e1n&#8221;, comparando el clima pol\u00edtico en su pa\u00eds con el golpe de Estado en Ucrania.<\/p>\n<p style=\"text-align: justify;\">Despu\u00e9s de que la coalici\u00f3n de Vucic, Serbia No Debe Detenerse, ganara las elecciones parlamentarias, obteniendo el 47% de los votos, seguida del partido de oposici\u00f3n Serbia Contra la Violencia, con el 23%, en el pa\u00eds se empezaron las protestas. El domingo por la tarde, una multitud se congreg\u00f3 frente al edificio de la asamblea municipal.<\/p>\n<p style=\"text-align: justify;\">Los manifestantes exigieron la anulaci\u00f3n de las elecciones locales de Belgrado, que se celebraron el fin de semana pasado en el marco de los comicios parlamentarios.<\/p>\n<p style=\"text-align: justify;\">Comentando la situaci\u00f3n, Vucic afirm\u00f3 que &#8220;no se trata de una revoluci\u00f3n&#8221; y pidi\u00f3 a los ciudadanos del pa\u00eds que &#8220;no se preocupen&#8221;.<\/p>\n<p style=\"text-align: justify;\">Adem\u00e1s, se\u00f1al\u00f3 que su Gobierno hab\u00eda sido advertido de los planes de la oposici\u00f3n. &#8220;Gracias a los servicios exteriores que dejaron claro que sab\u00edan lo que se estaba preparando, e informaron y facilitaron toda la informaci\u00f3n, y a nuestros servicios de inteligencia que reaccionaron a tiempo&#8221;, expres\u00f3 el mandatario.<\/p>\n<p style=\"text-align: justify;\">fm\/as<\/p>\n","protected":false},"excerpt":{"rendered":"<p>Belgrado, 25 dic (SANA) El pasado 24 de diciembre, partidarios de la oposici\u00f3n en Serbia intentaron irrumpir en la administraci\u00f3n municipal de la capital serbia. La primera ministra serbia, Ana Brnabic, declar\u00f3 que Mosc\u00fa advirti\u00f3 a Belgrado de posibles disturbios. &#8220;Ten\u00edamos informaci\u00f3n de los servicios que alertaban sobre esto. En primer lugar, el servicio de &hellip;<\/p>\n","protected":false},"author":42,"featured_media":317794,"comment_status":"closed","ping_status":"closed","sticky":false,"template":"","format":"standard","meta":{"footnotes":""},"categories":[597,456,16687,20724,7541],"tags":[],"class_list":["post-317793","post","type-post","status-publish","format-standard","has-post-thumbnail","","category-cinta-de-noticias","category-arabe-internacional-politica","category-internacionales","category-minuto-a-minuto","category-ultimas-noticias"],"_links":{"self":[{"href":"https:\/\/archive.sana.sy\/es\/index.php?rest_route=\/wp\/v2\/posts\/317793"}],"collection":[{"href":"https:\/\/archive.sana.sy\/es\/index.php?rest_route=\/wp\/v2\/posts"}],"about":[{"href":"https:\/\/archive.sana.sy\/es\/index.php?rest_route=\/wp\/v2\/types\/post"}],"author":[{"embeddable":true,"href":"https:\/\/archive.sana.sy\/es\/index.php?rest_route=\/wp\/v2\/users\/42"}],"replies":[{"embeddable":true,"href":"https:\/\/archive.sana.sy\/es\/index.php?rest_route=%2Fwp%2Fv2%2Fcomments&post=317793"}],"version-history":[{"count":1,"href":"https:\/\/archive.sana.sy\/es\/index.php?rest_route=\/wp\/v2\/posts\/317793\/revisions"}],"predecessor-version":[{"id":317795,"href":"https:\/\/archive.sana.sy\/es\/index.php?rest_route=\/wp\/v2\/posts\/317793\/revisions\/317795"}],"wp:featuredmedia":[{"embeddable":true,"href":"https:\/\/archive.sana.sy\/es\/index.php?rest_route=\/wp\/v2\/media\/317794"}],"wp:attachment":[{"href":"https:\/\/archive.sana.sy\/es\/index.php?rest_route=%2Fwp%2Fv2%2Fmedia&parent=317793"}],"wp:term":[{"taxonomy":"category","embeddable":true,"href":"https:\/\/archive.sana.sy\/es\/index.php?rest_route=%2Fwp%2Fv2%2Fcategories&post=317793"},{"taxonomy":"post_tag","embeddable":true,"href":"https:\/\/archive.sana.sy\/es\/index.php?rest_route=%2Fwp%2Fv2%2Ftags&post=317793"}],"curies":[{"name":"wp","href":"https:\/\/api.w.org\/{rel}","templated":true}]}}