{"id":317803,"date":"2023-12-25T15:10:42","date_gmt":"2023-12-25T12:10:42","guid":{"rendered":"https:\/\/sana.sy\/es\/?p=317803"},"modified":"2023-12-25T15:10:42","modified_gmt":"2023-12-25T12:10:42","slug":"estado-palestino-si-pero-cual","status":"publish","type":"post","link":"https:\/\/archive.sana.sy\/es\/?p=317803","title":{"rendered":"Estado palestino, s\u00ed, pero \u00bfcu\u00e1l?"},"content":{"rendered":"<p style=\"text-align: justify;\"><span style=\"color: #800000;\"><strong>Damasco, 25 dic (SANA)<\/strong> <\/span>Hay una condici\u00f3n incuestionable en torno a los palestinos: estos viven bajo un r\u00e9gimen colonial.<\/p>\n<p style=\"text-align: justify;\">Y mientras las cosas no se llamen por su nombre, con la conceptualizaci\u00f3n asociada a este fen\u00f3meno, una salida real a la tragedia, de larga data, dif\u00edcilmente tendr\u00e1 soluci\u00f3n.<\/p>\n<p style=\"text-align: justify;\">Existen muchos pa\u00f1os tibios en torno a los cr\u00edmenes de &#8220;Israel&#8221;, que ha erigido toda su pol\u00edtica exterior en la l\u00ednea de que solo act\u00faa frente a la hostilidad de la resistencia palestina.<\/p>\n<p style=\"text-align: justify;\">Lo hemos visto claramente a partir de lo sucedido el 7 de octubre de 2023, cuando fue \u201csorprendido\u201d por un ataque de Hamas, entidad gobernante en la franja de Gaza, escenario de una devastaci\u00f3n inmensa.<\/p>\n<p style=\"text-align: justify;\">Y esa es la narrativa instalada en los Estados Unidos y el resto de Occidente, que se sienten muy c\u00f3modos autoenga\u00f1\u00e1ndose con que &#8220;Tel Aviv&#8221; solo se defiende. Mientras esa connivencia tenga lugar, &#8220;Israel&#8221; no se ver\u00e1 obligado a cumplir con el derecho internacional y mucho menos a considerar la perspectiva de un Estado palestino en las fronteras anteriores a 1967, el retorno de los refugiados y Jerusal\u00e9n como su capital.<\/p>\n<p style=\"text-align: justify;\">Pudi\u00e9ramos apoyarnos en los mismos argumentos b\u00edblicos que oportunistamente esgrimen los sionistas, y decir como Mateo en el Antiguo Testamento: \u201cPor mucho que oigan, no entender\u00e1n; por mucho que vean, no comprender\u00e1n.<\/p>\n<p style=\"text-align: justify;\">Porque el coraz\u00f3n de este pueblo se ha vuelto insensible; se les han tapado los o\u00eddos y se les han cerrado los ojos\u201d.<\/p>\n<p style=\"text-align: justify;\"><span style=\"color: #000080;\"><strong>Intransigencia sionista<\/strong><\/span><\/p>\n<p style=\"text-align: justify;\">En octubre de 2015, &#8220;Israel&#8221; bombarde\u00f3 la franja de Gaza ante acciones de la resistencia \u00e1rabe.<\/p>\n<p style=\"text-align: justify;\">En ese entonces, el secretario de Estado de los EE.UU., John Kerry, realiz\u00f3 llamadas telef\u00f3nicas tanto al primer ministro hebreo, Benjam\u00edn Netanyahu, como al presidente palestino, Mahmoud Abbas, para solicitarle a las partes \u201cmantener el statu quo en el mundo\u201d.<\/p>\n<p style=\"text-align: justify;\">Unos ocho a\u00f1os despu\u00e9s, la administraci\u00f3n de Biden, si bien t\u00edmidamente, ha abogado por un Estado palestino.<\/p>\n<p style=\"text-align: justify;\">El se\u00f1or Netanyahu, sin embargo, no se lo pone f\u00e1cil y en apariencia se levanta como antagonista de la Casa Blanca.<\/p>\n<p style=\"text-align: justify;\">Esta postura intransigente no es nueva.<\/p>\n<p style=\"text-align: justify;\">Por ejemplo, en una intervenci\u00f3n p\u00fablica durante una de sus campa\u00f1as electorales sostuvo que el Estado jud\u00edo \u201ctiene derecho a todo el territorio entre el mar Mediterr\u00e1neo y el r\u00edo Jord\u00e1n\u201d.<\/p>\n<p style=\"text-align: justify;\">Su aspiraci\u00f3n m\u00e1xima sigue siendo la de subsumir todas las tierras que le quedan al pueblo \u00e1rabe y seguir robando otras.<\/p>\n<p style=\"text-align: justify;\">Con lo que el cuento de su seguridad es solo eso, pues en 2023, con sus bombardeos y su operaci\u00f3n terrestre, ha asesinado en Gaza a m\u00e1s de 20 mil palestinos, ni\u00f1os la mitad de ellos, y ha hecho inhabitable la zona.<\/p>\n<p style=\"text-align: justify;\">Desde 1993, el r\u00e9gimen sionista se burla de la comunidad internacional, y de los Acuerdos de Oslo, pactados entre &#8220;Israel&#8221; y Palestina para \u201cterminar el conflicto entre ambas partes\u201d.<\/p>\n<p style=\"text-align: justify;\">A parte del mundo le sent\u00f3 c\u00f3modo este \u201crefugio\u201d psicol\u00f3gico de que finalmente las cosas iban a empezar a funcionar, y, para decirlo con todas sus letras, la comunidad internacional, empezando por la ONU, dej\u00f3 en segundo plano la cuesti\u00f3n de la independencia palestina.<\/p>\n<p style=\"text-align: justify;\">Ahora bien, \u00bfqu\u00e9 pas\u00f3 en cambio? Si en la d\u00e9cada de los 90, Cisjordania era un territorio palestino con ciertas colonias israel\u00edes, ahora a los palestinos solo les han dejado algunos peque\u00f1os enclaves.<\/p>\n<p style=\"text-align: justify;\">Y por c\u00f3mo anda la situaci\u00f3n en Gaza, &#8220;Israel&#8221; pretende echar a todos sus lugare\u00f1os.<\/p>\n<p style=\"text-align: justify;\"><span style=\"color: #000080;\"><strong>Manifestaciones del colonialismo<\/strong><\/span><\/p>\n<p style=\"text-align: justify;\">Para Isa\u00edas Barra\u00f1eda \u2013profesor de Relaciones Internacionales en la Universidad Complutense de Madrid\u2013, los Acuerdos de Oslo tambi\u00e9n definieron una condici\u00f3n olvidada: \u201cCre\u00f3 a la Autoridad Palestina como paso previo a un Estado propio\u201d, indic\u00f3 al medio local 20minuto.es.<\/p>\n<p style=\"text-align: justify;\">El especialista actualiza sobre la realidad colonial se\u00f1alando que en estos momentos en Cisjordania hay \u201c750 mil israel\u00edes viviendo en los asentamientos.<\/p>\n<p style=\"text-align: justify;\">Eso significa que el nueve por ciento de su poblaci\u00f3n est\u00e1 fuera e instalada ilegalmente en un territorio disputado\u201d.<\/p>\n<p style=\"text-align: justify;\">&#8220;Tel Aviv&#8221;, representado al m\u00e1ximo nivel por Netanyahu, ha reiterado lo ya sabido: no quiere que haya otro Estado.<\/p>\n<p style=\"text-align: justify;\">Esta comentarista insiste en que mientras no se llamen las cosas por su nombre y no se tomen las medidas pertinentes, de acuerdo con el derecho internacional, &#8220;Israel&#8221; se siente (y de hecho lo est\u00e1) por encima de la Ley.<\/p>\n<p style=\"text-align: justify;\">Antecedentes existen: A tenor con la Carta de la ONU, su Asamblea General aprob\u00f3 en 1960, la conocida Declaraci\u00f3n sobre la Descolonizaci\u00f3n.<\/p>\n<p style=\"text-align: justify;\">El texto, de cardinal importancia, sobradamente podr\u00eda ser invocado en el caso palestino como mecanismo de condena \u201cal colonialismo en todas sus formas y manifestaciones\u201d, porque \u201ctodos los pueblos tienen el derecho de libre determinaci\u00f3n\u201d.<\/p>\n<p style=\"text-align: justify;\">Es esencial que al colonialismo sionista se le vea como tal, mientras que las acciones de la resistencia palestina sean consideradas posturas l\u00f3gicas frente al ocupante.<\/p>\n<p style=\"text-align: justify;\">Para colmo de males, Israel es \u00e9mulo de la Sud\u00e1frica del apartheid, aunque ello no se condena, y ni siquiera existen consideraciones oficiales de la ONU al respecto, y s\u00ed imprecisiones sobre el tema.<\/p>\n<p style=\"text-align: justify;\"><span style=\"color: #000080;\"><strong>En el coraz\u00f3n<\/strong><\/span><\/p>\n<p style=\"text-align: justify;\">Las acciones de la resistencia palestina en el entorno de Gaza volvieron a colocar esta larga lucha en el coraz\u00f3n del Medio Oriente y en todo el planeta, que ha sido \u201cchoqueado\u201d con cada imagen, informaci\u00f3n sobre los b\u00e1rbaros ataques sionistas contra la poblaci\u00f3n civil de la zona costera.<\/p>\n<p style=\"text-align: justify;\">No obstante, ha quedado relegada una realidad innegable de este 2023: &#8220;Israel&#8221; ocupa ilegalmente territorios palestinos, cerca de la mitad del pueblo palestino son refugiados a los que se niega su derecho al retorno; y m\u00e1s de un mill\u00f3n de palestinos con ciudadan\u00eda israel\u00ed sufren discriminaci\u00f3n.<\/p>\n<p style=\"text-align: justify;\">Todos esos elementos casi nunca se colocan en el an\u00e1lisis a la hora de pedir la creaci\u00f3n de un Estado propio, raz\u00f3n por la cual el referido llamado puede interpretarse como apenas una salida f\u00e1cil a la \u201ccrisis\u201d del momento, pero que no llevar\u00e1 a ning\u00fan lugar, como siempre.<\/p>\n<p style=\"text-align: justify;\">\n<strong>Por Mar\u00eda Victoria Vald\u00e9s Rodda<\/strong><\/p>\n<p style=\"text-align: justify;\"><strong>Fuente: Revista Bohemia<\/strong><\/p>\n","protected":false},"excerpt":{"rendered":"<p>Damasco, 25 dic (SANA) Hay una condici\u00f3n incuestionable en torno a los palestinos: estos viven bajo un r\u00e9gimen colonial. Y mientras las cosas no se llamen por su nombre, con la conceptualizaci\u00f3n asociada a este fen\u00f3meno, una salida real a la tragedia, de larga data, dif\u00edcilmente tendr\u00e1 soluci\u00f3n. Existen muchos pa\u00f1os tibios en torno a &hellip;<\/p>\n","protected":false},"author":42,"featured_media":317804,"comment_status":"closed","ping_status":"closed","sticky":false,"template":"","format":"standard","meta":{"footnotes":""},"categories":[597,456,16687,20724,583],"tags":[],"class_list":["post-317803","post","type-post","status-publish","format-standard","has-post-thumbnail","","category-cinta-de-noticias","category-arabe-internacional-politica","category-internacionales","category-minuto-a-minuto","category-slide"],"_links":{"self":[{"href":"https:\/\/archive.sana.sy\/es\/index.php?rest_route=\/wp\/v2\/posts\/317803"}],"collection":[{"href":"https:\/\/archive.sana.sy\/es\/index.php?rest_route=\/wp\/v2\/posts"}],"about":[{"href":"https:\/\/archive.sana.sy\/es\/index.php?rest_route=\/wp\/v2\/types\/post"}],"author":[{"embeddable":true,"href":"https:\/\/archive.sana.sy\/es\/index.php?rest_route=\/wp\/v2\/users\/42"}],"replies":[{"embeddable":true,"href":"https:\/\/archive.sana.sy\/es\/index.php?rest_route=%2Fwp%2Fv2%2Fcomments&post=317803"}],"version-history":[{"count":1,"href":"https:\/\/archive.sana.sy\/es\/index.php?rest_route=\/wp\/v2\/posts\/317803\/revisions"}],"predecessor-version":[{"id":317805,"href":"https:\/\/archive.sana.sy\/es\/index.php?rest_route=\/wp\/v2\/posts\/317803\/revisions\/317805"}],"wp:featuredmedia":[{"embeddable":true,"href":"https:\/\/archive.sana.sy\/es\/index.php?rest_route=\/wp\/v2\/media\/317804"}],"wp:attachment":[{"href":"https:\/\/archive.sana.sy\/es\/index.php?rest_route=%2Fwp%2Fv2%2Fmedia&parent=317803"}],"wp:term":[{"taxonomy":"category","embeddable":true,"href":"https:\/\/archive.sana.sy\/es\/index.php?rest_route=%2Fwp%2Fv2%2Fcategories&post=317803"},{"taxonomy":"post_tag","embeddable":true,"href":"https:\/\/archive.sana.sy\/es\/index.php?rest_route=%2Fwp%2Fv2%2Ftags&post=317803"}],"curies":[{"name":"wp","href":"https:\/\/api.w.org\/{rel}","templated":true}]}}