{"id":317806,"date":"2023-12-25T15:34:24","date_gmt":"2023-12-25T12:34:24","guid":{"rendered":"https:\/\/sana.sy\/es\/?p=317806"},"modified":"2023-12-25T15:34:24","modified_gmt":"2023-12-25T12:34:24","slug":"atacan-con-drones-base-ilegal-de-las-fuerzas-estadounidenses-en-siria","status":"publish","type":"post","link":"https:\/\/archive.sana.sy\/es\/?p=317806","title":{"rendered":"Atacan con drones base ilegal de las fuerzas estadounidenses en Siria"},"content":{"rendered":"<p style=\"text-align: justify;\"><span style=\"color: #800000;\"><strong>Damasco, 25 dic (SANA)<\/strong><\/span> Las tropas norteamericanas desplegadas ilegalmente en la regi\u00f3n nororiental siria de Al-Jazira, fueron atacadas hoy por la Resistencia en Iraq.<\/p>\n<p style=\"text-align: justify;\">La referida entidad difundi\u00f3 im\u00e1genes de su bombardeo con drones kamikazes contra la base militar instalada en el llamado Green Village ubicada en las instalaciones del campo petrol\u00edfero de Al-Omar , en el este de la provincia de Deir Ezzor, a unos 450 kil\u00f3metros al nordeste de esta capital.<\/p>\n<p style=\"text-align: justify;\">Esta acci\u00f3n, como las anteriores realizadas durante los \u00faltimos tres meses, son en respuesta a los cr\u00edmenes cometidos por Israel contra los palestinos en Gaza.<\/p>\n<p style=\"text-align: justify;\">Seg\u00fan reconocieron funcionarios del Pent\u00e1gono, se reportaron m\u00e1s de 80 bombardeos contra los objetivos de Estados Unidos en Siria desde el d\u00eda 7 de octubre pasado, lo que significa un aumento del 45 por ciento.<\/p>\n<p style=\"text-align: justify;\">Washington mantiene una quincena de bases en territorio sirio, y Damasco denunci\u00f3 repetidamente esta presencia, la que calific\u00f3 de ocupaci\u00f3n, y asegur\u00f3 que la actuaci\u00f3n de los militares estadounidenses en el territorio nacional incentiva la actividad terrorista y apunta a desestabilizar el pa\u00eds y saquear sus riquezas.<\/p>\n<p style=\"text-align: justify;\">fm\/as<\/p>\n","protected":false},"excerpt":{"rendered":"<p>Damasco, 25 dic (SANA) Las tropas norteamericanas desplegadas ilegalmente en la regi\u00f3n nororiental siria de Al-Jazira, fueron atacadas hoy por la Resistencia en Iraq. La referida entidad difundi\u00f3 im\u00e1genes de su bombardeo con drones kamikazes contra la base militar instalada en el llamado Green Village ubicada en las instalaciones del campo petrol\u00edfero de Al-Omar , &hellip;<\/p>\n","protected":false},"author":42,"featured_media":317807,"comment_status":"closed","ping_status":"closed","sticky":false,"template":"","format":"standard","meta":{"footnotes":""},"categories":[597,20724,16688,476,7541],"tags":[],"class_list":["post-317806","post","type-post","status-publish","format-standard","has-post-thumbnail","","category-cinta-de-noticias","category-minuto-a-minuto","category-nacionales","category-locales","category-ultimas-noticias"],"_links":{"self":[{"href":"https:\/\/archive.sana.sy\/es\/index.php?rest_route=\/wp\/v2\/posts\/317806"}],"collection":[{"href":"https:\/\/archive.sana.sy\/es\/index.php?rest_route=\/wp\/v2\/posts"}],"about":[{"href":"https:\/\/archive.sana.sy\/es\/index.php?rest_route=\/wp\/v2\/types\/post"}],"author":[{"embeddable":true,"href":"https:\/\/archive.sana.sy\/es\/index.php?rest_route=\/wp\/v2\/users\/42"}],"replies":[{"embeddable":true,"href":"https:\/\/archive.sana.sy\/es\/index.php?rest_route=%2Fwp%2Fv2%2Fcomments&post=317806"}],"version-history":[{"count":1,"href":"https:\/\/archive.sana.sy\/es\/index.php?rest_route=\/wp\/v2\/posts\/317806\/revisions"}],"predecessor-version":[{"id":317808,"href":"https:\/\/archive.sana.sy\/es\/index.php?rest_route=\/wp\/v2\/posts\/317806\/revisions\/317808"}],"wp:featuredmedia":[{"embeddable":true,"href":"https:\/\/archive.sana.sy\/es\/index.php?rest_route=\/wp\/v2\/media\/317807"}],"wp:attachment":[{"href":"https:\/\/archive.sana.sy\/es\/index.php?rest_route=%2Fwp%2Fv2%2Fmedia&parent=317806"}],"wp:term":[{"taxonomy":"category","embeddable":true,"href":"https:\/\/archive.sana.sy\/es\/index.php?rest_route=%2Fwp%2Fv2%2Fcategories&post=317806"},{"taxonomy":"post_tag","embeddable":true,"href":"https:\/\/archive.sana.sy\/es\/index.php?rest_route=%2Fwp%2Fv2%2Ftags&post=317806"}],"curies":[{"name":"wp","href":"https:\/\/api.w.org\/{rel}","templated":true}]}}