{"id":317809,"date":"2023-12-25T15:45:56","date_gmt":"2023-12-25T12:45:56","guid":{"rendered":"https:\/\/sana.sy\/es\/?p=317809"},"modified":"2023-12-25T15:45:56","modified_gmt":"2023-12-25T12:45:56","slug":"presidente-al-assad-promulga-una-ley-para-preservar-la-riqueza-forestal-y-garantizar-su-gestion-sostenible","status":"publish","type":"post","link":"https:\/\/archive.sana.sy\/es\/?p=317809","title":{"rendered":"Presidente Al-Assad promulga una Ley para preservar la riqueza forestal y garantizar su gesti\u00f3n sostenible"},"content":{"rendered":"<p style=\"text-align: justify;\"><span style=\"color: #800000;\"><strong>Damasco, 25 dic (SANA)<\/strong> <\/span>El presidente Bashar Al-Assad, promulg\u00f3 la Ley No. (39) del a\u00f1o 2023 relativa a los bosques y tierras forestales.<img loading=\"lazy\" decoding=\"async\" class=\"size-medium wp-image-317810 alignright\" src=\"http:\/\/sana.sy\/es\/wp-content\/uploads\/2023\/12\/photo_2023-12-25_15-44-10-300x200.jpg\" alt=\"\" width=\"300\" height=\"200\" srcset=\"https:\/\/archive.sana.sy\/es\/wp-content\/uploads\/2023\/12\/photo_2023-12-25_15-44-10-300x200.jpg 300w, https:\/\/archive.sana.sy\/es\/wp-content\/uploads\/2023\/12\/photo_2023-12-25_15-44-10-1024x682.jpg 1024w, https:\/\/archive.sana.sy\/es\/wp-content\/uploads\/2023\/12\/photo_2023-12-25_15-44-10-150x100.jpg 150w, https:\/\/archive.sana.sy\/es\/wp-content\/uploads\/2023\/12\/photo_2023-12-25_15-44-10-768x512.jpg 768w, https:\/\/archive.sana.sy\/es\/wp-content\/uploads\/2023\/12\/photo_2023-12-25_15-44-10.jpg 1280w\" sizes=\"(max-width: 300px) 100vw, 300px\" \/><\/p>\n<p style=\"text-align: justify;\">La nueva legislaci\u00f3n tiene el objetivo de preservar la riqueza forestal y gestionarla de manera sostenible en cooperaci\u00f3n y asociaci\u00f3n con la comunidad local para garantizar su protecci\u00f3n y beneficiarse de ella.<\/p>\n<p style=\"text-align: justify;\">Asimismo, introduce nuevas conceptos y terminolog\u00eda para el trabajo forestal y sanciones m\u00e1s estrictas para disuadir a los infractores y proteger las \u00e1reas forestales.<\/p>\n<p style=\"text-align: justify;\">fm\/as<\/p>\n","protected":false},"excerpt":{"rendered":"<p>Damasco, 25 dic (SANA) El presidente Bashar Al-Assad, promulg\u00f3 la Ley No. (39) del a\u00f1o 2023 relativa a los bosques y tierras forestales. La nueva legislaci\u00f3n tiene el objetivo de preservar la riqueza forestal y gestionarla de manera sostenible en cooperaci\u00f3n y asociaci\u00f3n con la comunidad local para garantizar su protecci\u00f3n y beneficiarse de ella. &hellip;<\/p>\n","protected":false},"author":42,"featured_media":317811,"comment_status":"closed","ping_status":"closed","sticky":false,"template":"","format":"standard","meta":{"footnotes":""},"categories":[597,617,20724,16237,626,7541],"tags":[],"class_list":["post-317809","post","type-post","status-publish","format-standard","has-post-thumbnail","","category-cinta-de-noticias","category-decretos-y-leyes","category-minuto-a-minuto","category-presidence-de-la-republique-arabe-syria","category-sr-presidente","category-ultimas-noticias"],"_links":{"self":[{"href":"https:\/\/archive.sana.sy\/es\/index.php?rest_route=\/wp\/v2\/posts\/317809"}],"collection":[{"href":"https:\/\/archive.sana.sy\/es\/index.php?rest_route=\/wp\/v2\/posts"}],"about":[{"href":"https:\/\/archive.sana.sy\/es\/index.php?rest_route=\/wp\/v2\/types\/post"}],"author":[{"embeddable":true,"href":"https:\/\/archive.sana.sy\/es\/index.php?rest_route=\/wp\/v2\/users\/42"}],"replies":[{"embeddable":true,"href":"https:\/\/archive.sana.sy\/es\/index.php?rest_route=%2Fwp%2Fv2%2Fcomments&post=317809"}],"version-history":[{"count":1,"href":"https:\/\/archive.sana.sy\/es\/index.php?rest_route=\/wp\/v2\/posts\/317809\/revisions"}],"predecessor-version":[{"id":317812,"href":"https:\/\/archive.sana.sy\/es\/index.php?rest_route=\/wp\/v2\/posts\/317809\/revisions\/317812"}],"wp:featuredmedia":[{"embeddable":true,"href":"https:\/\/archive.sana.sy\/es\/index.php?rest_route=\/wp\/v2\/media\/317811"}],"wp:attachment":[{"href":"https:\/\/archive.sana.sy\/es\/index.php?rest_route=%2Fwp%2Fv2%2Fmedia&parent=317809"}],"wp:term":[{"taxonomy":"category","embeddable":true,"href":"https:\/\/archive.sana.sy\/es\/index.php?rest_route=%2Fwp%2Fv2%2Fcategories&post=317809"},{"taxonomy":"post_tag","embeddable":true,"href":"https:\/\/archive.sana.sy\/es\/index.php?rest_route=%2Fwp%2Fv2%2Ftags&post=317809"}],"curies":[{"name":"wp","href":"https:\/\/api.w.org\/{rel}","templated":true}]}}