{"id":317819,"date":"2023-12-25T17:28:19","date_gmt":"2023-12-25T14:28:19","guid":{"rendered":"https:\/\/sana.sy\/es\/?p=317819"},"modified":"2023-12-25T17:28:19","modified_gmt":"2023-12-25T14:28:19","slug":"20-mil-674-palestinos-asesinados-por-israel-en-gaza-y-el-genocidio-continua","status":"publish","type":"post","link":"https:\/\/archive.sana.sy\/es\/?p=317819","title":{"rendered":"20 mil 674 palestinos asesinados por \u201cIsrael\u201d en Gaza, y el genocidio contin\u00faa"},"content":{"rendered":"<p style=\"text-align: justify;\"><span style=\"color: #800000;\"><strong>Jerusal\u00e9n ocupada, 25 dic (SANA)<\/strong> <\/span>\u00a0\u00a0El Ministerio de Salud elev\u00f3 hoy a 20 mil 674 la cifra de palestinos masacrados por las fuerzas de ocupaci\u00f3n israel\u00edes que contin\u00faan su genocida agresi\u00f3n contra la Franja de Gaza, iniciada el d\u00eda 7 de octubre pasado.<\/p>\n<p style=\"text-align: justify;\">De acuerdo con un comunicado del ente, 54.536 palestinos resultaron heridos por los bombardeos.<\/p>\n<p style=\"text-align: justify;\">Las fuerzas de ocupaci\u00f3n israel\u00edes cometieron durante las \u00faltimas 24 horas, 25 masacres contra familias enteras, dejando 250 muertos y 500 heridos.<\/p>\n<p style=\"text-align: justify;\"><span style=\"color: #000080;\"><strong>Canciller\u00eda palestina acus\u00f3 a Israel de lanzar guerra de exterminio<\/strong><\/span><\/p>\n<p style=\"text-align: justify;\">Por otro lado, la Canciller\u00eda palestina acus\u00f3 al primer ministro israel\u00ed, Benjamin Netanyahu, de desatar una guerra de exterminio contra la poblaci\u00f3n de la Franja de Gaza.<\/p>\n<p style=\"text-align: justify;\">El Ministerio de Asuntos Exteriores y Emigrantes conden\u00f3 en un comunicado el genocidio y las masacres cometidas por el Ej\u00e9rcito de ese pa\u00eds contra civiles en el enclave costero, en especial en el norte.<\/p>\n<p style=\"text-align: justify;\">El objetivo de las operaciones all\u00ed es acabar con la presencia de palestinos en la zona septentrional y reforzar el control sobre ella, subray\u00f3.<\/p>\n<p style=\"text-align: justify;\">Tambi\u00e9n critic\u00f3 las violaciones y los cr\u00edmenes cometidos por los militares y los colonos jud\u00edos en Cisjordania, incluida el \u00e1rea ocupada de Jerusal\u00e9n oriental.<\/p>\n<p style=\"text-align: justify;\"><span style=\"color: #000080;\"><strong>&#8220;Israel&#8221; arrest\u00f3 a miles de palestinos en Cisjordania<\/strong><\/span><\/p>\n<p style=\"text-align: justify;\">Asimismo, las fuerzas de seguridad israel\u00edes arrestaron a casi cuatro mil 700 ciudadanos en Cisjordania desde el inicio de la nueva ola de violencia, el 7 de octubre.<\/p>\n<p style=\"text-align: justify;\">Seg\u00fan denunci\u00f3 el Club de Prisioneros palestinos en un comunicado, la organizaci\u00f3n no gubernamental destac\u00f3 que la cifra incluye a los detenidos en sus viviendas, en los puestos de control militares y a los rehenes.<\/p>\n<p style=\"text-align: justify;\">Durante sus campa\u00f1as de castigo, las tropas israel\u00edes cometen abusos generalizados, que incluyen palizas brutales a las personas arrestadas, as\u00ed como amenazas a ellos y sus familias, destac\u00f3.<\/p>\n<p style=\"text-align: justify;\">fm<\/p>\n","protected":false},"excerpt":{"rendered":"<p>Jerusal\u00e9n ocupada, 25 dic (SANA) \u00a0\u00a0El Ministerio de Salud elev\u00f3 hoy a 20 mil 674 la cifra de palestinos masacrados por las fuerzas de ocupaci\u00f3n israel\u00edes que contin\u00faan su genocida agresi\u00f3n contra la Franja de Gaza, iniciada el d\u00eda 7 de octubre pasado. De acuerdo con un comunicado del ente, 54.536 palestinos resultaron heridos por &hellip;<\/p>\n","protected":false},"author":34,"featured_media":317820,"comment_status":"closed","ping_status":"closed","sticky":false,"template":"","format":"standard","meta":{"footnotes":""},"categories":[597,456,20724,583],"tags":[],"class_list":["post-317819","post","type-post","status-publish","format-standard","has-post-thumbnail","","category-cinta-de-noticias","category-arabe-internacional-politica","category-minuto-a-minuto","category-slide"],"_links":{"self":[{"href":"https:\/\/archive.sana.sy\/es\/index.php?rest_route=\/wp\/v2\/posts\/317819"}],"collection":[{"href":"https:\/\/archive.sana.sy\/es\/index.php?rest_route=\/wp\/v2\/posts"}],"about":[{"href":"https:\/\/archive.sana.sy\/es\/index.php?rest_route=\/wp\/v2\/types\/post"}],"author":[{"embeddable":true,"href":"https:\/\/archive.sana.sy\/es\/index.php?rest_route=\/wp\/v2\/users\/34"}],"replies":[{"embeddable":true,"href":"https:\/\/archive.sana.sy\/es\/index.php?rest_route=%2Fwp%2Fv2%2Fcomments&post=317819"}],"version-history":[{"count":1,"href":"https:\/\/archive.sana.sy\/es\/index.php?rest_route=\/wp\/v2\/posts\/317819\/revisions"}],"predecessor-version":[{"id":317821,"href":"https:\/\/archive.sana.sy\/es\/index.php?rest_route=\/wp\/v2\/posts\/317819\/revisions\/317821"}],"wp:featuredmedia":[{"embeddable":true,"href":"https:\/\/archive.sana.sy\/es\/index.php?rest_route=\/wp\/v2\/media\/317820"}],"wp:attachment":[{"href":"https:\/\/archive.sana.sy\/es\/index.php?rest_route=%2Fwp%2Fv2%2Fmedia&parent=317819"}],"wp:term":[{"taxonomy":"category","embeddable":true,"href":"https:\/\/archive.sana.sy\/es\/index.php?rest_route=%2Fwp%2Fv2%2Fcategories&post=317819"},{"taxonomy":"post_tag","embeddable":true,"href":"https:\/\/archive.sana.sy\/es\/index.php?rest_route=%2Fwp%2Fv2%2Ftags&post=317819"}],"curies":[{"name":"wp","href":"https:\/\/api.w.org\/{rel}","templated":true}]}}