{"id":317839,"date":"2023-12-26T09:29:08","date_gmt":"2023-12-26T06:29:08","guid":{"rendered":"https:\/\/sana.sy\/es\/?p=317839"},"modified":"2023-12-26T09:59:52","modified_gmt":"2023-12-26T06:59:52","slug":"la-oms-el-sistema-sanitario-de-gaza-esta-diezmado-y-de-rodillas","status":"publish","type":"post","link":"https:\/\/archive.sana.sy\/es\/?p=317839","title":{"rendered":"La OMS: El sistema sanitario de Gaza est\u00e1 diezmado y de rodillas"},"content":{"rendered":"<p style=\"text-align: justify;\"><span style=\"color: #800000;\"><strong>Ginebra, 26 dic (SANA)<\/strong><\/span> El director general de la OMS, Tedros Adhanom Ghebreyesus, dijo que representantes de la Organizaci\u00f3n visitaron el hospital Al Aqsa en Gaza, donde escucharon &#8220;desgarradores relatos&#8221; de los m\u00e9dicos y los heridos sobre el sufrimiento de la poblaci\u00f3n a consecuencia de los ataques israel\u00edes.<\/p>\n<p style=\"text-align: justify;\">En su cuenta de X, Ghebreyesus public\u00f3 que en el hospital Al Aqsa se encontraban m\u00e1s de un centenar de heridos tras los ataques las tropas sionistas contra el campo de refugiados de Maghazi, que se cobraron la vida de unas 70 personas.<\/p>\n<p style=\"text-align: justify;\">El jefe de la OMS cont\u00f3 que un ni\u00f1o y un enfermero perdieron toda su familia en los bombardeos del campo.<\/p>\n<p style=\"text-align: justify;\">Asimismo, el director del organismo de la ONU destac\u00f3 que el hospital &#8220;est\u00e1 recibiendo muchos m\u00e1s pacientes de los que su capacidad de camas y su personal pueden atender&#8221;, por lo que muchas personas &#8220;no sobrevivir\u00e1n a la espera&#8221;.<\/p>\n<p style=\"text-align: justify;\">Al mismo tiempo, el jefe de la OMS subray\u00f3 que la mayor parte del sistema sanitario de Gaza est\u00e1 &#8220;diezmado y de rodillas&#8221; y llam\u00f3 al alto el fuego inmediato.<\/p>\n<p style=\"text-align: justify;\">fm\/as<\/p>\n","protected":false},"excerpt":{"rendered":"<p>Ginebra, 26 dic (SANA) El director general de la OMS, Tedros Adhanom Ghebreyesus, dijo que representantes de la Organizaci\u00f3n visitaron el hospital Al Aqsa en Gaza, donde escucharon &#8220;desgarradores relatos&#8221; de los m\u00e9dicos y los heridos sobre el sufrimiento de la poblaci\u00f3n a consecuencia de los ataques israel\u00edes. En su cuenta de X, Ghebreyesus public\u00f3 &hellip;<\/p>\n","protected":false},"author":42,"featured_media":317854,"comment_status":"closed","ping_status":"closed","sticky":false,"template":"","format":"standard","meta":{"footnotes":""},"categories":[597,456,16687,20724,7541],"tags":[],"class_list":["post-317839","post","type-post","status-publish","format-standard","has-post-thumbnail","","category-cinta-de-noticias","category-arabe-internacional-politica","category-internacionales","category-minuto-a-minuto","category-ultimas-noticias"],"_links":{"self":[{"href":"https:\/\/archive.sana.sy\/es\/index.php?rest_route=\/wp\/v2\/posts\/317839"}],"collection":[{"href":"https:\/\/archive.sana.sy\/es\/index.php?rest_route=\/wp\/v2\/posts"}],"about":[{"href":"https:\/\/archive.sana.sy\/es\/index.php?rest_route=\/wp\/v2\/types\/post"}],"author":[{"embeddable":true,"href":"https:\/\/archive.sana.sy\/es\/index.php?rest_route=\/wp\/v2\/users\/42"}],"replies":[{"embeddable":true,"href":"https:\/\/archive.sana.sy\/es\/index.php?rest_route=%2Fwp%2Fv2%2Fcomments&post=317839"}],"version-history":[{"count":1,"href":"https:\/\/archive.sana.sy\/es\/index.php?rest_route=\/wp\/v2\/posts\/317839\/revisions"}],"predecessor-version":[{"id":317841,"href":"https:\/\/archive.sana.sy\/es\/index.php?rest_route=\/wp\/v2\/posts\/317839\/revisions\/317841"}],"wp:featuredmedia":[{"embeddable":true,"href":"https:\/\/archive.sana.sy\/es\/index.php?rest_route=\/wp\/v2\/media\/317854"}],"wp:attachment":[{"href":"https:\/\/archive.sana.sy\/es\/index.php?rest_route=%2Fwp%2Fv2%2Fmedia&parent=317839"}],"wp:term":[{"taxonomy":"category","embeddable":true,"href":"https:\/\/archive.sana.sy\/es\/index.php?rest_route=%2Fwp%2Fv2%2Fcategories&post=317839"},{"taxonomy":"post_tag","embeddable":true,"href":"https:\/\/archive.sana.sy\/es\/index.php?rest_route=%2Fwp%2Fv2%2Ftags&post=317839"}],"curies":[{"name":"wp","href":"https:\/\/api.w.org\/{rel}","templated":true}]}}