{"id":317885,"date":"2023-12-26T14:25:20","date_gmt":"2023-12-26T11:25:20","guid":{"rendered":"https:\/\/sana.sy\/es\/?p=317885"},"modified":"2023-12-26T14:25:20","modified_gmt":"2023-12-26T11:25:20","slug":"iraq-condena-ataque-estadounidense-y-lo-considera-una-violacion-a-la-soberania-del-pais","status":"publish","type":"post","link":"https:\/\/archive.sana.sy\/es\/?p=317885","title":{"rendered":"Iraq condena ataque estadounidense y lo considera una violaci\u00f3n a la soberan\u00eda del pa\u00eds"},"content":{"rendered":"<p style=\"text-align: justify;\"><span style=\"color: #800000;\"><strong>Bagdad, 26 dic (SANA) <\/strong><\/span>El gobierno iraqu\u00ed conden\u00f3 hoy el ataque lanzado por aviones estadounidenses contra posiciones militares iraqu\u00edes.<\/p>\n<p style=\"text-align: justify;\">\u201cEl ataque contra posiciones militares iraqu\u00edes por parte de los Estados Unidos de bajo el pretexto de \u201cuna respuesta\u201d y que caus\u00f3 un muerto y 18 heridos, es un acto claramente hostil que refuta el anunciado deseo de Estados Unidos de fortalecer las relaciones entre los dos pa\u00edses\u201d, inform\u00f3 un comunicado emitido de la Oficina del Primer Ministro de Iraq, citado por los medios de prensa iraqu\u00edes.<\/p>\n<p style=\"text-align: justify;\">Agreg\u00f3 que este acto representa una violaci\u00f3n inaceptable de la soberan\u00eda iraqu\u00ed, perjudica las relaciones bilaterales entre los dos pa\u00edses y complica el di\u00e1logo conjunto encaminado a poner fin a la presencia de la alianza internacional.<\/p>\n<p style=\"text-align: justify;\">\u201cIraq pudo restablecer seguridad y estabilidad contra las bandas terroristas de Daesh, y por lo tanto, preservar esta victoria es una de nuestras principales prioridades estrat\u00e9gicas y de seguridad, y no permitiremos que ninguna parte lo da\u00f1e2, agreg\u00f3.<\/p>\n<p style=\"text-align: justify;\">as\/fm<\/p>\n","protected":false},"excerpt":{"rendered":"<p>Bagdad, 26 dic (SANA) El gobierno iraqu\u00ed conden\u00f3 hoy el ataque lanzado por aviones estadounidenses contra posiciones militares iraqu\u00edes. \u201cEl ataque contra posiciones militares iraqu\u00edes por parte de los Estados Unidos de bajo el pretexto de \u201cuna respuesta\u201d y que caus\u00f3 un muerto y 18 heridos, es un acto claramente hostil que refuta el anunciado &hellip;<\/p>\n","protected":false},"author":42,"featured_media":317886,"comment_status":"closed","ping_status":"closed","sticky":false,"template":"","format":"standard","meta":{"footnotes":""},"categories":[597,456,16687,20724,7541],"tags":[],"class_list":["post-317885","post","type-post","status-publish","format-standard","has-post-thumbnail","","category-cinta-de-noticias","category-arabe-internacional-politica","category-internacionales","category-minuto-a-minuto","category-ultimas-noticias"],"_links":{"self":[{"href":"https:\/\/archive.sana.sy\/es\/index.php?rest_route=\/wp\/v2\/posts\/317885"}],"collection":[{"href":"https:\/\/archive.sana.sy\/es\/index.php?rest_route=\/wp\/v2\/posts"}],"about":[{"href":"https:\/\/archive.sana.sy\/es\/index.php?rest_route=\/wp\/v2\/types\/post"}],"author":[{"embeddable":true,"href":"https:\/\/archive.sana.sy\/es\/index.php?rest_route=\/wp\/v2\/users\/42"}],"replies":[{"embeddable":true,"href":"https:\/\/archive.sana.sy\/es\/index.php?rest_route=%2Fwp%2Fv2%2Fcomments&post=317885"}],"version-history":[{"count":1,"href":"https:\/\/archive.sana.sy\/es\/index.php?rest_route=\/wp\/v2\/posts\/317885\/revisions"}],"predecessor-version":[{"id":317887,"href":"https:\/\/archive.sana.sy\/es\/index.php?rest_route=\/wp\/v2\/posts\/317885\/revisions\/317887"}],"wp:featuredmedia":[{"embeddable":true,"href":"https:\/\/archive.sana.sy\/es\/index.php?rest_route=\/wp\/v2\/media\/317886"}],"wp:attachment":[{"href":"https:\/\/archive.sana.sy\/es\/index.php?rest_route=%2Fwp%2Fv2%2Fmedia&parent=317885"}],"wp:term":[{"taxonomy":"category","embeddable":true,"href":"https:\/\/archive.sana.sy\/es\/index.php?rest_route=%2Fwp%2Fv2%2Fcategories&post=317885"},{"taxonomy":"post_tag","embeddable":true,"href":"https:\/\/archive.sana.sy\/es\/index.php?rest_route=%2Fwp%2Fv2%2Ftags&post=317885"}],"curies":[{"name":"wp","href":"https:\/\/api.w.org\/{rel}","templated":true}]}}