{"id":317916,"date":"2023-12-26T19:26:25","date_gmt":"2023-12-26T16:26:25","guid":{"rendered":"https:\/\/sana.sy\/es\/?p=317916"},"modified":"2023-12-26T19:26:25","modified_gmt":"2023-12-26T16:26:25","slug":"gaza-20-mil-915-palestinos-martires-por-genocidio-israeli","status":"publish","type":"post","link":"https:\/\/archive.sana.sy\/es\/?p=317916","title":{"rendered":"Gaza: 20 mil 915 palestinos m\u00e1rtires por genocidio israel\u00ed"},"content":{"rendered":"<p style=\"text-align: justify;\"><span style=\"color: #800000;\"><strong>Jerusal\u00e9n ocupada, 26 dic (SANA)<\/strong> <\/span>El Ministerio de Salud palestino anunci\u00f3 que la ocupaci\u00f3n israel\u00ed cometi\u00f3 18 masacres durante las \u00faltimas horas, dejando 241 m\u00e1rtires y 382 heridos, elevando el n\u00famero de m\u00e1rtires de la agresi\u00f3n en curso por 81\u00ba d\u00eda a 20.915, y los heridos a 54.918, adem\u00e1s de miles de desaparecidos.<\/p>\n<p style=\"text-align: justify;\">&#8220;La ocupaci\u00f3n intensific\u00f3 su agresi\u00f3n en m\u00faltiples formas, incluidas ejecuciones sobre el terreno, masacres, genocidio y aniquilaci\u00f3n de barrios residenciales\u201d, agreg\u00f3.<\/p>\n<p style=\"text-align: justify;\">Por su parte, medios palestinos informaron que aviones de combate israel\u00edes lanzaron intensos y violentos ataques contra varias zonas al este de Khan Yunis, al sur de la Franja de Gaza, mientras que una mujer palestina cay\u00f3 m\u00e1rtir y otros civiles resultaron heridas como consecuencia del bombardeo de una casa al oeste de Khan Yunis.<\/p>\n<p style=\"text-align: justify;\">Otros tres civiles tambi\u00e9n cayeron m\u00e1rtires y decenas resultaron heridos en el bombardeo de una casa en el campo de Nuseirat, al sur de la Franja de Gaza.<\/p>\n<p>mm<\/p>\n","protected":false},"excerpt":{"rendered":"<p>Jerusal\u00e9n ocupada, 26 dic (SANA) El Ministerio de Salud palestino anunci\u00f3 que la ocupaci\u00f3n israel\u00ed cometi\u00f3 18 masacres durante las \u00faltimas horas, dejando 241 m\u00e1rtires y 382 heridos, elevando el n\u00famero de m\u00e1rtires de la agresi\u00f3n en curso por 81\u00ba d\u00eda a 20.915, y los heridos a 54.918, adem\u00e1s de miles de desaparecidos. &#8220;La ocupaci\u00f3n &hellip;<\/p>\n","protected":false},"author":36,"featured_media":317917,"comment_status":"closed","ping_status":"closed","sticky":false,"template":"","format":"standard","meta":{"footnotes":""},"categories":[597,456,16687,20724,476,7541],"tags":[],"class_list":["post-317916","post","type-post","status-publish","format-standard","has-post-thumbnail","","category-cinta-de-noticias","category-arabe-internacional-politica","category-internacionales","category-minuto-a-minuto","category-locales","category-ultimas-noticias"],"_links":{"self":[{"href":"https:\/\/archive.sana.sy\/es\/index.php?rest_route=\/wp\/v2\/posts\/317916"}],"collection":[{"href":"https:\/\/archive.sana.sy\/es\/index.php?rest_route=\/wp\/v2\/posts"}],"about":[{"href":"https:\/\/archive.sana.sy\/es\/index.php?rest_route=\/wp\/v2\/types\/post"}],"author":[{"embeddable":true,"href":"https:\/\/archive.sana.sy\/es\/index.php?rest_route=\/wp\/v2\/users\/36"}],"replies":[{"embeddable":true,"href":"https:\/\/archive.sana.sy\/es\/index.php?rest_route=%2Fwp%2Fv2%2Fcomments&post=317916"}],"version-history":[{"count":1,"href":"https:\/\/archive.sana.sy\/es\/index.php?rest_route=\/wp\/v2\/posts\/317916\/revisions"}],"predecessor-version":[{"id":317918,"href":"https:\/\/archive.sana.sy\/es\/index.php?rest_route=\/wp\/v2\/posts\/317916\/revisions\/317918"}],"wp:featuredmedia":[{"embeddable":true,"href":"https:\/\/archive.sana.sy\/es\/index.php?rest_route=\/wp\/v2\/media\/317917"}],"wp:attachment":[{"href":"https:\/\/archive.sana.sy\/es\/index.php?rest_route=%2Fwp%2Fv2%2Fmedia&parent=317916"}],"wp:term":[{"taxonomy":"category","embeddable":true,"href":"https:\/\/archive.sana.sy\/es\/index.php?rest_route=%2Fwp%2Fv2%2Fcategories&post=317916"},{"taxonomy":"post_tag","embeddable":true,"href":"https:\/\/archive.sana.sy\/es\/index.php?rest_route=%2Fwp%2Fv2%2Ftags&post=317916"}],"curies":[{"name":"wp","href":"https:\/\/api.w.org\/{rel}","templated":true}]}}