{"id":318041,"date":"2023-12-28T08:49:54","date_gmt":"2023-12-28T05:49:54","guid":{"rendered":"https:\/\/sana.sy\/es\/?p=318041"},"modified":"2023-12-28T09:06:49","modified_gmt":"2023-12-28T06:06:49","slug":"la-resistencia-palestina-derriba-un-dron-y-dos-helicopteros-israelies-en-gaza","status":"publish","type":"post","link":"https:\/\/archive.sana.sy\/es\/?p=318041","title":{"rendered":"La resistencia palestina derriba un dron y dos helic\u00f3pteros israel\u00edes en Gaza"},"content":{"rendered":"<p style=\"text-align: justify;\"><span style=\"color: #800000;\"><strong>\u00a0Jerusal\u00e9n ocupada, 28 dic (SANA)<\/strong><\/span> Los combatientes de la resistencia palestina enfrentaron a las fuerzas de ocupaci\u00f3n israel\u00edes en varias zonas de la Franja de Gaza, as\u00ed como derribaron tres aparatos a\u00e9reos del ocupante y destruyeron varios de sus veh\u00edculos y blindados.<\/p>\n<p style=\"text-align: justify;\">En un comunicado, la Resistencia indic\u00f3 que sus combatientes libraron feroces enfrentamientos con una fuerza del ocupante de 10 soldados en la ciudad de Khan Yunis, al sur de la Franja de Gaza, y neutralizaron a todos sus integrantes.<\/p>\n<p style=\"text-align: justify;\">Tambi\u00e9n, libraron choques con soldados de ocupaci\u00f3n en Juhr al-Dik, al sureste de Gaza, dejando a varios de ellos entre muertos o heridos.<\/p>\n<p style=\"text-align: justify;\">Por otro lado, la resistencia confirm\u00f3 el derribo de un dron \u201cSky Racing\u201d israel\u00ed en la ciudad de Gaza, y derrib\u00f3 tambi\u00e9n con dos misiles \u201cSam-18\u201d dos helic\u00f3pteros en la zona de Al-Saftawi, al norte de la ciudad de Gaza y al este del campamento de Jabalia.<\/p>\n<p style=\"text-align: justify;\">Los resistentes emplearon un artefacto explosivo para destruir un tanque Merkava al este del campamento de Bureij, en el centro de la Franja de Gaza, y cuatro topadoras militares al norte de la ciudad de Khan Yunis, mientras que los proyectiles de Al-Yassin alcanzaron tanques de ocupaci\u00f3n y veh\u00edculos de transporte de tropas en el sur de la Franja de Gaza.<\/p>\n<p style=\"text-align: justify;\">fm\/ed<\/p>\n","protected":false},"excerpt":{"rendered":"<p>\u00a0Jerusal\u00e9n ocupada, 28 dic (SANA) Los combatientes de la resistencia palestina enfrentaron a las fuerzas de ocupaci\u00f3n israel\u00edes en varias zonas de la Franja de Gaza, as\u00ed como derribaron tres aparatos a\u00e9reos del ocupante y destruyeron varios de sus veh\u00edculos y blindados. En un comunicado, la Resistencia indic\u00f3 que sus combatientes libraron feroces enfrentamientos con &hellip;<\/p>\n","protected":false},"author":32,"featured_media":318044,"comment_status":"closed","ping_status":"closed","sticky":false,"template":"","format":"standard","meta":{"footnotes":""},"categories":[597,456,20724,583],"tags":[],"class_list":["post-318041","post","type-post","status-publish","format-standard","has-post-thumbnail","","category-cinta-de-noticias","category-arabe-internacional-politica","category-minuto-a-minuto","category-slide"],"_links":{"self":[{"href":"https:\/\/archive.sana.sy\/es\/index.php?rest_route=\/wp\/v2\/posts\/318041"}],"collection":[{"href":"https:\/\/archive.sana.sy\/es\/index.php?rest_route=\/wp\/v2\/posts"}],"about":[{"href":"https:\/\/archive.sana.sy\/es\/index.php?rest_route=\/wp\/v2\/types\/post"}],"author":[{"embeddable":true,"href":"https:\/\/archive.sana.sy\/es\/index.php?rest_route=\/wp\/v2\/users\/32"}],"replies":[{"embeddable":true,"href":"https:\/\/archive.sana.sy\/es\/index.php?rest_route=%2Fwp%2Fv2%2Fcomments&post=318041"}],"version-history":[{"count":1,"href":"https:\/\/archive.sana.sy\/es\/index.php?rest_route=\/wp\/v2\/posts\/318041\/revisions"}],"predecessor-version":[{"id":318043,"href":"https:\/\/archive.sana.sy\/es\/index.php?rest_route=\/wp\/v2\/posts\/318041\/revisions\/318043"}],"wp:featuredmedia":[{"embeddable":true,"href":"https:\/\/archive.sana.sy\/es\/index.php?rest_route=\/wp\/v2\/media\/318044"}],"wp:attachment":[{"href":"https:\/\/archive.sana.sy\/es\/index.php?rest_route=%2Fwp%2Fv2%2Fmedia&parent=318041"}],"wp:term":[{"taxonomy":"category","embeddable":true,"href":"https:\/\/archive.sana.sy\/es\/index.php?rest_route=%2Fwp%2Fv2%2Fcategories&post=318041"},{"taxonomy":"post_tag","embeddable":true,"href":"https:\/\/archive.sana.sy\/es\/index.php?rest_route=%2Fwp%2Fv2%2Ftags&post=318041"}],"curies":[{"name":"wp","href":"https:\/\/api.w.org\/{rel}","templated":true}]}}