{"id":318192,"date":"2023-12-30T09:00:08","date_gmt":"2023-12-30T06:00:08","guid":{"rendered":"https:\/\/sana.sy\/es\/?p=318192"},"modified":"2023-12-30T09:02:45","modified_gmt":"2023-12-30T06:02:45","slug":"atacan-con-andanadas-de-cohetes-dos-bases-de-estados-unidos-en-el-nordeste-de-siria","status":"publish","type":"post","link":"https:\/\/archive.sana.sy\/es\/?p=318192","title":{"rendered":"Atacan con andanadas de cohetes dos bases de Estados Unidos en el nordeste de Siria"},"content":{"rendered":"<p style=\"text-align: justify;\"><span style=\"color: #800000;\"><strong>Damasco, 30 dic (SANA)<\/strong><\/span> La autodenominada Resistencia en Iraq bombarde\u00f3 con una salva de misiles las fuerzas estadounidenses desplegadas ilegalmente en la base de Kharab al-Jir, en la provincia nororiental siria de Hasakeh.<\/p>\n<p style=\"text-align: justify;\">Por medio de un comunicado, la referida entidad aclar\u00f3 que el bombardeo se realiz\u00f3 como confirmaci\u00f3n de su enfoque de resistir a las fuerzas de ocupaci\u00f3n estadounidenses en Irak y la regi\u00f3n, y en respuesta a las masacres cometidas por Israel contra el pueblo palestino en Gaza.<\/p>\n<p style=\"text-align: justify;\">Asegur\u00f3 que los proyectiles impactaron directamente en sus blancos en la base.<\/p>\n<p style=\"text-align: justify;\">En otro comunicado, la Resistencia en Iraq reivindic\u00f3 un similar ataque con cohetes contra las tropas norteamericanas en el municipio de Al-Shaddadi, al sur de la ciudad de Hasakeh.<\/p>\n<p style=\"text-align: justify;\">El ataque como los anteriores, es en respuesta a las masacres cometidas por las fuerzas israel\u00edes contra civiles palestinos, incluidos ni\u00f1os, mujeres y ancianos.<\/p>\n<p style=\"text-align: justify;\">La Resistencia reiter\u00f3 en su comunicado que seguir\u00e1 bombardeando los \u201cbastiones enemigos\u201d.<\/p>\n<p style=\"text-align: justify;\">fm\/ah<\/p>\n","protected":false},"excerpt":{"rendered":"<p>Damasco, 30 dic (SANA) La autodenominada Resistencia en Iraq bombarde\u00f3 con una salva de misiles las fuerzas estadounidenses desplegadas ilegalmente en la base de Kharab al-Jir, en la provincia nororiental siria de Hasakeh. Por medio de un comunicado, la referida entidad aclar\u00f3 que el bombardeo se realiz\u00f3 como confirmaci\u00f3n de su enfoque de resistir a &hellip;<\/p>\n","protected":false},"author":30,"featured_media":318193,"comment_status":"closed","ping_status":"closed","sticky":false,"template":"","format":"standard","meta":{"footnotes":""},"categories":[477,597,573,20724,476,583],"tags":[],"class_list":["post-318192","post","type-post","status-publish","format-standard","has-post-thumbnail","","category-noticias-edulcorantes","category-cinta-de-noticias","category-la-realidad-de-los-acontecimientos-en-siria","category-minuto-a-minuto","category-locales","category-slide"],"_links":{"self":[{"href":"https:\/\/archive.sana.sy\/es\/index.php?rest_route=\/wp\/v2\/posts\/318192"}],"collection":[{"href":"https:\/\/archive.sana.sy\/es\/index.php?rest_route=\/wp\/v2\/posts"}],"about":[{"href":"https:\/\/archive.sana.sy\/es\/index.php?rest_route=\/wp\/v2\/types\/post"}],"author":[{"embeddable":true,"href":"https:\/\/archive.sana.sy\/es\/index.php?rest_route=\/wp\/v2\/users\/30"}],"replies":[{"embeddable":true,"href":"https:\/\/archive.sana.sy\/es\/index.php?rest_route=%2Fwp%2Fv2%2Fcomments&post=318192"}],"version-history":[{"count":1,"href":"https:\/\/archive.sana.sy\/es\/index.php?rest_route=\/wp\/v2\/posts\/318192\/revisions"}],"predecessor-version":[{"id":318194,"href":"https:\/\/archive.sana.sy\/es\/index.php?rest_route=\/wp\/v2\/posts\/318192\/revisions\/318194"}],"wp:featuredmedia":[{"embeddable":true,"href":"https:\/\/archive.sana.sy\/es\/index.php?rest_route=\/wp\/v2\/media\/318193"}],"wp:attachment":[{"href":"https:\/\/archive.sana.sy\/es\/index.php?rest_route=%2Fwp%2Fv2%2Fmedia&parent=318192"}],"wp:term":[{"taxonomy":"category","embeddable":true,"href":"https:\/\/archive.sana.sy\/es\/index.php?rest_route=%2Fwp%2Fv2%2Fcategories&post=318192"},{"taxonomy":"post_tag","embeddable":true,"href":"https:\/\/archive.sana.sy\/es\/index.php?rest_route=%2Fwp%2Fv2%2Ftags&post=318192"}],"curies":[{"name":"wp","href":"https:\/\/api.w.org\/{rel}","templated":true}]}}