{"id":318401,"date":"2024-01-01T13:17:54","date_gmt":"2024-01-01T10:17:54","guid":{"rendered":"https:\/\/sana.sy\/es\/?p=318401"},"modified":"2024-01-01T13:18:18","modified_gmt":"2024-01-01T10:18:18","slug":"agresiones-de-israel-contra-siria-violan-el-derecho-internacional-afirma-kanaani","status":"publish","type":"post","link":"https:\/\/archive.sana.sy\/es\/?p=318401","title":{"rendered":"Agresiones de \u201cIsrael\u201d contra Siria violan el Derecho Internacional, afirma Kanaani"},"content":{"rendered":"<p style=\"text-align: justify;\"><span style=\"color: #800000;\"><strong>Teher\u00e1n, 1 ene (SANA)\u00a0<\/strong> <\/span>El portavoz del Ministerio de Asuntos Exteriores iran\u00ed, Nasser Kanaani, reiter\u00f3 que los ataques sionistas contra Siria constituyen una clara violaci\u00f3n de todas las leyes internacionales.<\/p>\n<p style=\"text-align: justify;\">&#8220;Estas acciones hostiles contra Siria representan una clara amenaza a la seguridad y estabilidad de la regi\u00f3n y evidencian la postura decidida de Siria hacia la cuesti\u00f3n palestina y que es uno de los pilares m\u00e1s importantes del eje de resistencia&#8221;, dijo el funcionario iran\u00ed en su conferencia de prensa semanal.<\/p>\n<p style=\"text-align: justify;\">Agrego que la responsabilidad de contrarrestar los actos terroristas de la entidad sionista recae en la comunidad internacional, especialmente el Consejo de Seguridad de la ONU.<\/p>\n<p style=\"text-align: justify;\">Las pol\u00edticas israel\u00edes se basan en la generar tensi\u00f3n y fragmentar a otros pa\u00edses con el fin de alterar la seguridad y la estabilidad en la regi\u00f3n, explic\u00f3.<\/p>\n<p style=\"text-align: justify;\">ed\/fm<\/p>\n","protected":false},"excerpt":{"rendered":"<p>Teher\u00e1n, 1 ene (SANA)\u00a0 El portavoz del Ministerio de Asuntos Exteriores iran\u00ed, Nasser Kanaani, reiter\u00f3 que los ataques sionistas contra Siria constituyen una clara violaci\u00f3n de todas las leyes internacionales. &#8220;Estas acciones hostiles contra Siria representan una clara amenaza a la seguridad y estabilidad de la regi\u00f3n y evidencian la postura decidida de Siria hacia &hellip;<\/p>\n","protected":false},"author":32,"featured_media":318402,"comment_status":"closed","ping_status":"closed","sticky":false,"template":"","format":"standard","meta":{"footnotes":""},"categories":[597,20724,467,7541],"tags":[],"class_list":["post-318401","post","type-post","status-publish","format-standard","has-post-thumbnail","","category-cinta-de-noticias","category-minuto-a-minuto","category-siria-y-el-mundo","category-ultimas-noticias"],"_links":{"self":[{"href":"https:\/\/archive.sana.sy\/es\/index.php?rest_route=\/wp\/v2\/posts\/318401"}],"collection":[{"href":"https:\/\/archive.sana.sy\/es\/index.php?rest_route=\/wp\/v2\/posts"}],"about":[{"href":"https:\/\/archive.sana.sy\/es\/index.php?rest_route=\/wp\/v2\/types\/post"}],"author":[{"embeddable":true,"href":"https:\/\/archive.sana.sy\/es\/index.php?rest_route=\/wp\/v2\/users\/32"}],"replies":[{"embeddable":true,"href":"https:\/\/archive.sana.sy\/es\/index.php?rest_route=%2Fwp%2Fv2%2Fcomments&post=318401"}],"version-history":[{"count":1,"href":"https:\/\/archive.sana.sy\/es\/index.php?rest_route=\/wp\/v2\/posts\/318401\/revisions"}],"predecessor-version":[{"id":318403,"href":"https:\/\/archive.sana.sy\/es\/index.php?rest_route=\/wp\/v2\/posts\/318401\/revisions\/318403"}],"wp:featuredmedia":[{"embeddable":true,"href":"https:\/\/archive.sana.sy\/es\/index.php?rest_route=\/wp\/v2\/media\/318402"}],"wp:attachment":[{"href":"https:\/\/archive.sana.sy\/es\/index.php?rest_route=%2Fwp%2Fv2%2Fmedia&parent=318401"}],"wp:term":[{"taxonomy":"category","embeddable":true,"href":"https:\/\/archive.sana.sy\/es\/index.php?rest_route=%2Fwp%2Fv2%2Fcategories&post=318401"},{"taxonomy":"post_tag","embeddable":true,"href":"https:\/\/archive.sana.sy\/es\/index.php?rest_route=%2Fwp%2Fv2%2Ftags&post=318401"}],"curies":[{"name":"wp","href":"https:\/\/api.w.org\/{rel}","templated":true}]}}