{"id":318404,"date":"2024-01-01T14:13:29","date_gmt":"2024-01-01T11:13:29","guid":{"rendered":"https:\/\/sana.sy\/es\/?p=318404"},"modified":"2024-01-01T14:33:05","modified_gmt":"2024-01-01T11:33:05","slug":"cuatro-ninos-resultan-heridos-por-explosion-de-mina-en-siria","status":"publish","type":"post","link":"https:\/\/archive.sana.sy\/es\/?p=318404","title":{"rendered":"Cuatro ni\u00f1os resultan heridos por explosi\u00f3n de mina en Siria"},"content":{"rendered":"<p style=\"text-align: justify;\"><span style=\"color: #800000;\"><strong>Deir Ezzor, 1 ene (SANA)<\/strong> <\/span>Cuatro menores fueron lesionados por la explosi\u00f3n de una mina remanente de las agrupaciones terroristas, en la localidad de Mazloum, en el norte de la provincia de Deir Ezzor, a unos 450 kil\u00f3metros al nordeste de Damasco, la capital.<\/p>\n<p style=\"text-align: justify;\">El director del hospital provincial, Mamoun Hayza, declar\u00f3 a SANA que \u201ccuatro ni\u00f1os, de edades entre 10 y 15 a\u00f1os, llegaron al hospital con lesiones en la cabeza y las extremidades como resultado de la explosi\u00f3n de la mina.<br \/>\nIndic\u00f3 que de inmediato se les brind\u00f3 la ayuda necesaria y que su estado es estable.<\/p>\n<p style=\"text-align: justify;\">El d\u00eda 14 del pasaado mes de diciembre, un ciudadano perdi\u00f3 la vida por la explosi\u00f3n de una mina dejada por terroristas del llamado Estado Isl\u00e1mico, Daesh en \u00e1rabe, en el este de Deir Ezzor.<\/p>\n<p style=\"text-align: justify;\">Los grupos terroristas colocaron minas y artefactos explosivos en viviendas, carreteras y terrenos agr\u00edcolas antes de su derrota en las zonas que ocupaban.<\/p>\n<p style=\"text-align: justify;\">Estos radicales ten\u00edan la intenci\u00f3n de causar el mayor da\u00f1o posible a los civiles que hab\u00edan regresado a sus zonas liberadas del terrorismo, o para intimidarlos y evitar que regresen.<\/p>\n<p style=\"text-align: justify;\">fm\/ed<\/p>\n","protected":false},"excerpt":{"rendered":"<p>Deir Ezzor, 1 ene (SANA) Cuatro menores fueron lesionados por la explosi\u00f3n de una mina remanente de las agrupaciones terroristas, en la localidad de Mazloum, en el norte de la provincia de Deir Ezzor, a unos 450 kil\u00f3metros al nordeste de Damasco, la capital. El director del hospital provincial, Mamoun Hayza, declar\u00f3 a SANA que &hellip;<\/p>\n","protected":false},"author":32,"featured_media":318414,"comment_status":"closed","ping_status":"closed","sticky":false,"template":"","format":"standard","meta":{"footnotes":""},"categories":[477,597,573,20724,476,583],"tags":[],"class_list":["post-318404","post","type-post","status-publish","format-standard","has-post-thumbnail","","category-noticias-edulcorantes","category-cinta-de-noticias","category-la-realidad-de-los-acontecimientos-en-siria","category-minuto-a-minuto","category-locales","category-slide"],"_links":{"self":[{"href":"https:\/\/archive.sana.sy\/es\/index.php?rest_route=\/wp\/v2\/posts\/318404"}],"collection":[{"href":"https:\/\/archive.sana.sy\/es\/index.php?rest_route=\/wp\/v2\/posts"}],"about":[{"href":"https:\/\/archive.sana.sy\/es\/index.php?rest_route=\/wp\/v2\/types\/post"}],"author":[{"embeddable":true,"href":"https:\/\/archive.sana.sy\/es\/index.php?rest_route=\/wp\/v2\/users\/32"}],"replies":[{"embeddable":true,"href":"https:\/\/archive.sana.sy\/es\/index.php?rest_route=%2Fwp%2Fv2%2Fcomments&post=318404"}],"version-history":[{"count":1,"href":"https:\/\/archive.sana.sy\/es\/index.php?rest_route=\/wp\/v2\/posts\/318404\/revisions"}],"predecessor-version":[{"id":318406,"href":"https:\/\/archive.sana.sy\/es\/index.php?rest_route=\/wp\/v2\/posts\/318404\/revisions\/318406"}],"wp:featuredmedia":[{"embeddable":true,"href":"https:\/\/archive.sana.sy\/es\/index.php?rest_route=\/wp\/v2\/media\/318414"}],"wp:attachment":[{"href":"https:\/\/archive.sana.sy\/es\/index.php?rest_route=%2Fwp%2Fv2%2Fmedia&parent=318404"}],"wp:term":[{"taxonomy":"category","embeddable":true,"href":"https:\/\/archive.sana.sy\/es\/index.php?rest_route=%2Fwp%2Fv2%2Fcategories&post=318404"},{"taxonomy":"post_tag","embeddable":true,"href":"https:\/\/archive.sana.sy\/es\/index.php?rest_route=%2Fwp%2Fv2%2Ftags&post=318404"}],"curies":[{"name":"wp","href":"https:\/\/api.w.org\/{rel}","templated":true}]}}