{"id":318445,"date":"2024-01-01T20:44:59","date_gmt":"2024-01-01T17:44:59","guid":{"rendered":"https:\/\/sana.sy\/es\/?p=318445"},"modified":"2024-01-01T20:44:59","modified_gmt":"2024-01-01T17:44:59","slug":"resistencia-iraqui-ataca-con-misiles-base-ilegal-estadounidense-en-deir-ezzor-siria","status":"publish","type":"post","link":"https:\/\/archive.sana.sy\/es\/?p=318445","title":{"rendered":"Resistencia iraqu\u00ed ataca con misiles base ilegal estadounidense en Deir Ezzor\/Siria"},"content":{"rendered":"<p style=\"text-align: justify;\"><span style=\"color: #800000;\"><strong>Bagdad, 01 ene (SANA)\u00a0 \u00a0<\/strong><\/span>La Resistencia iraqu\u00ed atac\u00f3 hoy con misiles la base ilegal de la ocupaci\u00f3n de EEUU en el campo de Koniko, en la provincia de Deir Ezzor.<\/p>\n<p style=\"text-align: justify;\">\u201cContinuando con nuestro enfoque de resistencia a las fuerzas de ocupaci\u00f3n estadounidenses en Irak y la regi\u00f3n, y en respuesta a las masacres de la entidad sionista contra Gaza, los combatientes de la resistencia en Irak atacaron la base estadounidense en el campo Koniko, alcanzando sus objetivos&#8221;, explic\u00f3 la resistencia en un comunicado.<\/p>\n<p style=\"text-align: justify;\">Anteriormente, la Resistencia de Iraq atac\u00f3 con drones las fuerzas del ocupante estadounidenses en la base de Al-Shaddadi en el campo sure\u00f1o de Hasakeh.<\/p>\n<p style=\"text-align: justify;\">rr\/fm<\/p>\n","protected":false},"excerpt":{"rendered":"<p>Bagdad, 01 ene (SANA)\u00a0 \u00a0La Resistencia iraqu\u00ed atac\u00f3 hoy con misiles la base ilegal de la ocupaci\u00f3n de EEUU en el campo de Koniko, en la provincia de Deir Ezzor. \u201cContinuando con nuestro enfoque de resistencia a las fuerzas de ocupaci\u00f3n estadounidenses en Irak y la regi\u00f3n, y en respuesta a las masacres de la &hellip;<\/p>\n","protected":false},"author":31,"featured_media":318446,"comment_status":"closed","ping_status":"closed","sticky":false,"template":"","format":"standard","meta":{"footnotes":""},"categories":[597,573,467,7541],"tags":[7132,5835,6553],"class_list":["post-318445","post","type-post","status-publish","format-standard","has-post-thumbnail","","category-cinta-de-noticias","category-la-realidad-de-los-acontecimientos-en-siria","category-siria-y-el-mundo","category-ultimas-noticias","tag-eeuu","tag-iraq","tag-siria"],"_links":{"self":[{"href":"https:\/\/archive.sana.sy\/es\/index.php?rest_route=\/wp\/v2\/posts\/318445"}],"collection":[{"href":"https:\/\/archive.sana.sy\/es\/index.php?rest_route=\/wp\/v2\/posts"}],"about":[{"href":"https:\/\/archive.sana.sy\/es\/index.php?rest_route=\/wp\/v2\/types\/post"}],"author":[{"embeddable":true,"href":"https:\/\/archive.sana.sy\/es\/index.php?rest_route=\/wp\/v2\/users\/31"}],"replies":[{"embeddable":true,"href":"https:\/\/archive.sana.sy\/es\/index.php?rest_route=%2Fwp%2Fv2%2Fcomments&post=318445"}],"version-history":[{"count":1,"href":"https:\/\/archive.sana.sy\/es\/index.php?rest_route=\/wp\/v2\/posts\/318445\/revisions"}],"predecessor-version":[{"id":318447,"href":"https:\/\/archive.sana.sy\/es\/index.php?rest_route=\/wp\/v2\/posts\/318445\/revisions\/318447"}],"wp:featuredmedia":[{"embeddable":true,"href":"https:\/\/archive.sana.sy\/es\/index.php?rest_route=\/wp\/v2\/media\/318446"}],"wp:attachment":[{"href":"https:\/\/archive.sana.sy\/es\/index.php?rest_route=%2Fwp%2Fv2%2Fmedia&parent=318445"}],"wp:term":[{"taxonomy":"category","embeddable":true,"href":"https:\/\/archive.sana.sy\/es\/index.php?rest_route=%2Fwp%2Fv2%2Fcategories&post=318445"},{"taxonomy":"post_tag","embeddable":true,"href":"https:\/\/archive.sana.sy\/es\/index.php?rest_route=%2Fwp%2Fv2%2Ftags&post=318445"}],"curies":[{"name":"wp","href":"https:\/\/api.w.org\/{rel}","templated":true}]}}