{"id":318456,"date":"2024-01-02T06:28:54","date_gmt":"2024-01-02T03:28:54","guid":{"rendered":"https:\/\/sana.sy\/es\/?p=318456"},"modified":"2024-01-02T06:28:54","modified_gmt":"2024-01-02T03:28:54","slug":"muere-un-palestino-por-tortura-en-las-carceles-israelies","status":"publish","type":"post","link":"https:\/\/archive.sana.sy\/es\/?p=318456","title":{"rendered":"Muere un palestino por tortura en las c\u00e1rceles israel\u00edes"},"content":{"rendered":"<p style=\"text-align: justify;\"><span style=\"color: #800000;\"><strong>Jerusal\u00e9n ocupada, 2 ene (SANA)\u00a0<\/strong> <\/span>Un palestino falleci\u00f3 en los centros de detenci\u00f3n del ocupante israel\u00ed, tras sufrir tortura y abuso sistem\u00e1tico.<\/p>\n<p style=\"text-align: justify;\">La Autoridad de Asuntos de Prisioneros y Ex-Detenidos Palestinos inform\u00f3 en un comunicado citado por la agencia Wafa, que un prisionero detenido muri\u00f3 como resultado de la tortura f\u00edsica y los severos golpes a los que fue sometido en la prisi\u00f3n de \u201cMegiddo\u201d, desde su arresto despu\u00e9s del siete de octubre pasado, sin conocerse m\u00e1s detalles sobre su identidad.<\/p>\n<p style=\"text-align: justify;\">La entidad se\u00f1al\u00f3 que el ocupante est\u00e1 intensificando sus pr\u00e1cticas represivas, masacres y asesinatos sistem\u00e1ticos contra los prisioneros en sus centros de detenci\u00f3n, desde el inicio de su agresi\u00f3n contra Gaza el siete de octubre pasado.<\/p>\n<p style=\"text-align: justify;\">fm<\/p>\n","protected":false},"excerpt":{"rendered":"<p>Jerusal\u00e9n ocupada, 2 ene (SANA)\u00a0 Un palestino falleci\u00f3 en los centros de detenci\u00f3n del ocupante israel\u00ed, tras sufrir tortura y abuso sistem\u00e1tico. La Autoridad de Asuntos de Prisioneros y Ex-Detenidos Palestinos inform\u00f3 en un comunicado citado por la agencia Wafa, que un prisionero detenido muri\u00f3 como resultado de la tortura f\u00edsica y los severos golpes &hellip;<\/p>\n","protected":false},"author":34,"featured_media":318457,"comment_status":"closed","ping_status":"closed","sticky":false,"template":"","format":"standard","meta":{"footnotes":""},"categories":[597,456,20724,7541],"tags":[],"class_list":["post-318456","post","type-post","status-publish","format-standard","has-post-thumbnail","","category-cinta-de-noticias","category-arabe-internacional-politica","category-minuto-a-minuto","category-ultimas-noticias"],"_links":{"self":[{"href":"https:\/\/archive.sana.sy\/es\/index.php?rest_route=\/wp\/v2\/posts\/318456"}],"collection":[{"href":"https:\/\/archive.sana.sy\/es\/index.php?rest_route=\/wp\/v2\/posts"}],"about":[{"href":"https:\/\/archive.sana.sy\/es\/index.php?rest_route=\/wp\/v2\/types\/post"}],"author":[{"embeddable":true,"href":"https:\/\/archive.sana.sy\/es\/index.php?rest_route=\/wp\/v2\/users\/34"}],"replies":[{"embeddable":true,"href":"https:\/\/archive.sana.sy\/es\/index.php?rest_route=%2Fwp%2Fv2%2Fcomments&post=318456"}],"version-history":[{"count":1,"href":"https:\/\/archive.sana.sy\/es\/index.php?rest_route=\/wp\/v2\/posts\/318456\/revisions"}],"predecessor-version":[{"id":318458,"href":"https:\/\/archive.sana.sy\/es\/index.php?rest_route=\/wp\/v2\/posts\/318456\/revisions\/318458"}],"wp:featuredmedia":[{"embeddable":true,"href":"https:\/\/archive.sana.sy\/es\/index.php?rest_route=\/wp\/v2\/media\/318457"}],"wp:attachment":[{"href":"https:\/\/archive.sana.sy\/es\/index.php?rest_route=%2Fwp%2Fv2%2Fmedia&parent=318456"}],"wp:term":[{"taxonomy":"category","embeddable":true,"href":"https:\/\/archive.sana.sy\/es\/index.php?rest_route=%2Fwp%2Fv2%2Fcategories&post=318456"},{"taxonomy":"post_tag","embeddable":true,"href":"https:\/\/archive.sana.sy\/es\/index.php?rest_route=%2Fwp%2Fv2%2Ftags&post=318456"}],"curies":[{"name":"wp","href":"https:\/\/api.w.org\/{rel}","templated":true}]}}