{"id":318495,"date":"2024-01-02T15:09:03","date_gmt":"2024-01-02T12:09:03","guid":{"rendered":"https:\/\/sana.sy\/es\/?p=318495"},"modified":"2024-01-02T15:25:35","modified_gmt":"2024-01-02T12:25:35","slug":"rusia-destruye-un-peloton-de-tanques-leopard-2-de-las-fuerzas-ucranianas","status":"publish","type":"post","link":"https:\/\/archive.sana.sy\/es\/?p=318495","title":{"rendered":"Rusia destruye un pelot\u00f3n de tanques Leopard 2 de las fuerzas ucranianas"},"content":{"rendered":"<p style=\"text-align: justify;\"><span style=\"color: #800000;\"><strong>Mosc\u00fa, 2 ene (SANA)<\/strong><\/span> El Ministerio de Defensa ruso anunci\u00f3 hoy que sus fuerzas lograron, en la direcci\u00f3n de Svatovsky, destruir un pelot\u00f3n de tanques Leopard 2 que Ucrania recibi\u00f3 de Occidente, en particular de Alemania.<\/p>\n<p style=\"text-align: justify;\">En un comunicado, en ente castrense indic\u00f3 que \u201cen el \u00e1rea de la aldea de Terny, las fuerzas de reconocimiento detectaron la presencia de un grupo de fuerzas ucranianas que se preparaban para llevar a cabo un ataque contra las posiciones de las fuerzas rusas, con la participaci\u00f3n de &#8220;un pelot\u00f3n de tanques Leopard 2\u201d.<\/p>\n<p style=\"text-align: justify;\">Asegur\u00f3 que el personal militar ruso enfrent\u00f3 a la fuerza atacante ucraniana con el uso de municiones de alta precisi\u00f3n, y destruy\u00f3 un pelot\u00f3n completo de tanques de las fuerzas ucranianas.<\/p>\n<p style=\"text-align: justify;\">Cabe se\u00f1alar que el r\u00e9gimen de Kiev recibi\u00f3 los tanques Leopard 2 de Alemania, Polonia, los Pa\u00edses Bajos, Suecia, Portugal, Espa\u00f1a y Canad\u00e1.<\/p>\n<p style=\"text-align: justify;\">fm\/as<\/p>\n","protected":false},"excerpt":{"rendered":"<p>Mosc\u00fa, 2 ene (SANA) El Ministerio de Defensa ruso anunci\u00f3 hoy que sus fuerzas lograron, en la direcci\u00f3n de Svatovsky, destruir un pelot\u00f3n de tanques Leopard 2 que Ucrania recibi\u00f3 de Occidente, en particular de Alemania. En un comunicado, en ente castrense indic\u00f3 que \u201cen el \u00e1rea de la aldea de Terny, las fuerzas de &hellip;<\/p>\n","protected":false},"author":42,"featured_media":318496,"comment_status":"closed","ping_status":"closed","sticky":false,"template":"","format":"standard","meta":{"footnotes":""},"categories":[597,456,16687,20724,7541],"tags":[],"class_list":["post-318495","post","type-post","status-publish","format-standard","has-post-thumbnail","","category-cinta-de-noticias","category-arabe-internacional-politica","category-internacionales","category-minuto-a-minuto","category-ultimas-noticias"],"_links":{"self":[{"href":"https:\/\/archive.sana.sy\/es\/index.php?rest_route=\/wp\/v2\/posts\/318495"}],"collection":[{"href":"https:\/\/archive.sana.sy\/es\/index.php?rest_route=\/wp\/v2\/posts"}],"about":[{"href":"https:\/\/archive.sana.sy\/es\/index.php?rest_route=\/wp\/v2\/types\/post"}],"author":[{"embeddable":true,"href":"https:\/\/archive.sana.sy\/es\/index.php?rest_route=\/wp\/v2\/users\/42"}],"replies":[{"embeddable":true,"href":"https:\/\/archive.sana.sy\/es\/index.php?rest_route=%2Fwp%2Fv2%2Fcomments&post=318495"}],"version-history":[{"count":1,"href":"https:\/\/archive.sana.sy\/es\/index.php?rest_route=\/wp\/v2\/posts\/318495\/revisions"}],"predecessor-version":[{"id":318497,"href":"https:\/\/archive.sana.sy\/es\/index.php?rest_route=\/wp\/v2\/posts\/318495\/revisions\/318497"}],"wp:featuredmedia":[{"embeddable":true,"href":"https:\/\/archive.sana.sy\/es\/index.php?rest_route=\/wp\/v2\/media\/318496"}],"wp:attachment":[{"href":"https:\/\/archive.sana.sy\/es\/index.php?rest_route=%2Fwp%2Fv2%2Fmedia&parent=318495"}],"wp:term":[{"taxonomy":"category","embeddable":true,"href":"https:\/\/archive.sana.sy\/es\/index.php?rest_route=%2Fwp%2Fv2%2Fcategories&post=318495"},{"taxonomy":"post_tag","embeddable":true,"href":"https:\/\/archive.sana.sy\/es\/index.php?rest_route=%2Fwp%2Fv2%2Ftags&post=318495"}],"curies":[{"name":"wp","href":"https:\/\/api.w.org\/{rel}","templated":true}]}}