{"id":318505,"date":"2024-01-02T16:21:03","date_gmt":"2024-01-02T13:21:03","guid":{"rendered":"https:\/\/sana.sy\/es\/?p=318505"},"modified":"2024-01-02T16:21:03","modified_gmt":"2024-01-02T13:21:03","slug":"presidente-de-colombia-convoca-a-enorme-evento-musical-en-apoyo-a-palestina","status":"publish","type":"post","link":"https:\/\/archive.sana.sy\/es\/?p=318505","title":{"rendered":"Presidente de Colombia convoca a enorme evento musical en apoyo a Palestina"},"content":{"rendered":"<p style=\"text-align: justify;\"><span style=\"color: #800000;\"><strong>Bogot\u00e1, 2 ene (SANA)<\/strong> <\/span>El presidente colombiano Gustavo Petro organizar\u00e1 pr\u00f3ximamente un evento musical, en expresi\u00f3n de solidaridad con el pueblo palestino ante la devastadora y genocida agresi\u00f3n llevada a cabo por el ocupante israel\u00ed en la Franja de Gaza.<\/p>\n<p style=\"text-align: justify;\">En la plataforma X, el mandatario colombiano inst\u00f3 a aquellos que deseen utilizar el arte como medio para criticar el genocidio en curso contra los palestinos a unirse a este concierto contra el genocidio y en apoyo de la vida, en la Plaza de Bol\u00edvar o el Parque Sim\u00f3n Bol\u00edvar en Bogot\u00e1.<\/p>\n<p style=\"text-align: justify;\">Petro comparti\u00f3 un video con el artista puertorrique\u00f1o Ren\u00e9 P\u00e9rez Juglar, ampliamente conocido como \u201cResidente\u201d, y enfatiz\u00f3 la importancia de abordar la dif\u00edcil situaci\u00f3n de Palestina a trav\u00e9s de la expresi\u00f3n art\u00edstica.<\/p>\n<p style=\"text-align: justify;\">fm\/as<\/p>\n","protected":false},"excerpt":{"rendered":"<p>Bogot\u00e1, 2 ene (SANA) El presidente colombiano Gustavo Petro organizar\u00e1 pr\u00f3ximamente un evento musical, en expresi\u00f3n de solidaridad con el pueblo palestino ante la devastadora y genocida agresi\u00f3n llevada a cabo por el ocupante israel\u00ed en la Franja de Gaza. En la plataforma X, el mandatario colombiano inst\u00f3 a aquellos que deseen utilizar el arte &hellip;<\/p>\n","protected":false},"author":42,"featured_media":318506,"comment_status":"closed","ping_status":"closed","sticky":false,"template":"","format":"standard","meta":{"footnotes":""},"categories":[597,456,16687,20724,7541],"tags":[],"class_list":["post-318505","post","type-post","status-publish","format-standard","has-post-thumbnail","","category-cinta-de-noticias","category-arabe-internacional-politica","category-internacionales","category-minuto-a-minuto","category-ultimas-noticias"],"_links":{"self":[{"href":"https:\/\/archive.sana.sy\/es\/index.php?rest_route=\/wp\/v2\/posts\/318505"}],"collection":[{"href":"https:\/\/archive.sana.sy\/es\/index.php?rest_route=\/wp\/v2\/posts"}],"about":[{"href":"https:\/\/archive.sana.sy\/es\/index.php?rest_route=\/wp\/v2\/types\/post"}],"author":[{"embeddable":true,"href":"https:\/\/archive.sana.sy\/es\/index.php?rest_route=\/wp\/v2\/users\/42"}],"replies":[{"embeddable":true,"href":"https:\/\/archive.sana.sy\/es\/index.php?rest_route=%2Fwp%2Fv2%2Fcomments&post=318505"}],"version-history":[{"count":1,"href":"https:\/\/archive.sana.sy\/es\/index.php?rest_route=\/wp\/v2\/posts\/318505\/revisions"}],"predecessor-version":[{"id":318507,"href":"https:\/\/archive.sana.sy\/es\/index.php?rest_route=\/wp\/v2\/posts\/318505\/revisions\/318507"}],"wp:featuredmedia":[{"embeddable":true,"href":"https:\/\/archive.sana.sy\/es\/index.php?rest_route=\/wp\/v2\/media\/318506"}],"wp:attachment":[{"href":"https:\/\/archive.sana.sy\/es\/index.php?rest_route=%2Fwp%2Fv2%2Fmedia&parent=318505"}],"wp:term":[{"taxonomy":"category","embeddable":true,"href":"https:\/\/archive.sana.sy\/es\/index.php?rest_route=%2Fwp%2Fv2%2Fcategories&post=318505"},{"taxonomy":"post_tag","embeddable":true,"href":"https:\/\/archive.sana.sy\/es\/index.php?rest_route=%2Fwp%2Fv2%2Ftags&post=318505"}],"curies":[{"name":"wp","href":"https:\/\/api.w.org\/{rel}","templated":true}]}}