{"id":318511,"date":"2024-01-02T18:19:49","date_gmt":"2024-01-02T15:19:49","guid":{"rendered":"https:\/\/sana.sy\/es\/?p=318511"},"modified":"2024-01-02T18:19:49","modified_gmt":"2024-01-02T15:19:49","slug":"rusia-ataca-plantas-de-drones-y-misiles-de-ucrania","status":"publish","type":"post","link":"https:\/\/archive.sana.sy\/es\/?p=318511","title":{"rendered":"Rusia ataca plantas de drones y misiles de Ucrania"},"content":{"rendered":"<p style=\"text-align: justify;\"><span style=\"color: #800000;\"><strong>Mosc\u00fa, 2 ene (SANA)\u00a0<\/strong><\/span> Las Fuerzas Armadas de Rusia atacaron con drones y misiles de largo alcance y alta precisi\u00f3n a varias plantas de la industria militar de Ucrania que se dedicaban a la producci\u00f3n y reparaci\u00f3n de misiles y veh\u00edculos a\u00e9reos no tripulados.<\/p>\n<p style=\"text-align: justify;\">Los objetivos de los ataques se encontraban en la ciudad de Kiev y sus alrededores, indic\u00f3 el Ministerio de Defensa ruso citado por RT.<\/p>\n<p style=\"text-align: justify;\">Tambi\u00e9n fueron atacados varios lugares de almacenamiento de misiles, municiones para artiller\u00eda y aviaci\u00f3n suministrados a Ucrania por pa\u00edses occidentales. Todos los objetivos del ataque fueron alcanzados.<\/p>\n<p style=\"text-align: justify;\">fm\/rr<\/p>\n","protected":false},"excerpt":{"rendered":"<p>Mosc\u00fa, 2 ene (SANA)\u00a0 Las Fuerzas Armadas de Rusia atacaron con drones y misiles de largo alcance y alta precisi\u00f3n a varias plantas de la industria militar de Ucrania que se dedicaban a la producci\u00f3n y reparaci\u00f3n de misiles y veh\u00edculos a\u00e9reos no tripulados. Los objetivos de los ataques se encontraban en la ciudad de &hellip;<\/p>\n","protected":false},"author":31,"featured_media":318512,"comment_status":"closed","ping_status":"closed","sticky":false,"template":"","format":"standard","meta":{"footnotes":""},"categories":[597,456,16687],"tags":[6695,20357],"class_list":["post-318511","post","type-post","status-publish","format-standard","has-post-thumbnail","","category-cinta-de-noticias","category-arabe-internacional-politica","category-internacionales","tag-rusia","tag-ucrania"],"_links":{"self":[{"href":"https:\/\/archive.sana.sy\/es\/index.php?rest_route=\/wp\/v2\/posts\/318511"}],"collection":[{"href":"https:\/\/archive.sana.sy\/es\/index.php?rest_route=\/wp\/v2\/posts"}],"about":[{"href":"https:\/\/archive.sana.sy\/es\/index.php?rest_route=\/wp\/v2\/types\/post"}],"author":[{"embeddable":true,"href":"https:\/\/archive.sana.sy\/es\/index.php?rest_route=\/wp\/v2\/users\/31"}],"replies":[{"embeddable":true,"href":"https:\/\/archive.sana.sy\/es\/index.php?rest_route=%2Fwp%2Fv2%2Fcomments&post=318511"}],"version-history":[{"count":1,"href":"https:\/\/archive.sana.sy\/es\/index.php?rest_route=\/wp\/v2\/posts\/318511\/revisions"}],"predecessor-version":[{"id":318513,"href":"https:\/\/archive.sana.sy\/es\/index.php?rest_route=\/wp\/v2\/posts\/318511\/revisions\/318513"}],"wp:featuredmedia":[{"embeddable":true,"href":"https:\/\/archive.sana.sy\/es\/index.php?rest_route=\/wp\/v2\/media\/318512"}],"wp:attachment":[{"href":"https:\/\/archive.sana.sy\/es\/index.php?rest_route=%2Fwp%2Fv2%2Fmedia&parent=318511"}],"wp:term":[{"taxonomy":"category","embeddable":true,"href":"https:\/\/archive.sana.sy\/es\/index.php?rest_route=%2Fwp%2Fv2%2Fcategories&post=318511"},{"taxonomy":"post_tag","embeddable":true,"href":"https:\/\/archive.sana.sy\/es\/index.php?rest_route=%2Fwp%2Fv2%2Ftags&post=318511"}],"curies":[{"name":"wp","href":"https:\/\/api.w.org\/{rel}","templated":true}]}}