{"id":318514,"date":"2024-01-02T18:21:57","date_gmt":"2024-01-02T15:21:57","guid":{"rendered":"https:\/\/sana.sy\/es\/?p=318514"},"modified":"2024-01-02T18:21:57","modified_gmt":"2024-01-02T15:21:57","slug":"defensas-aereas-rusas-derriban-misiles-ucranianos-que-iban-a-atacar-la-ciudad-rusa-de-belgorod","status":"publish","type":"post","link":"https:\/\/archive.sana.sy\/es\/?p=318514","title":{"rendered":"Defensas a\u00e9reas rusas derriban misiles ucranianos que iban a atacar la ciudad rusa de B\u00e9lgorod"},"content":{"rendered":"<p style=\"text-align: justify;\"><span style=\"color: #800000;\"><strong>Mosc\u00fa, 2 ene (SANA)<\/strong><\/span>\u00a0 Las defensas a\u00e9reas rusas frustraron dos ataques contra la ciudad rusa de B\u00e9lgorod y derrib\u00f3 nueve misiles Olj\u00e1.<\/p>\n<p style=\"text-align: justify;\">Asimismo, un hombre muri\u00f3 y al menos cinco personas resultaron heridas por otro ataque ucraniano contra B\u00e9lgorod.<\/p>\n<p style=\"text-align: justify;\">Seg\u00fan comunic\u00f3 el gobernador local, Viacheslav Gladkov, la defensa antia\u00e9rea rusa derrib\u00f3 ocho objetivos a\u00e9reos cuando se aproximaban a la urbe.<\/p>\n<p style=\"text-align: justify;\">Detall\u00f3 que la v\u00edctima mortal viajaba en un coche cuando un proyectil explot\u00f3 junto a \u00e9l. Otras cinco personas resultaron heridas y dos de ellas fueron ingresadas en un hospital, mientras que una mujer fue llevada a un centro de trauma, se\u00f1al\u00f3.<\/p>\n<p style=\"text-align: justify;\">En los \u00faltimos d\u00edas, B\u00e9lgorod ha sido blanco de numerosos ataques del r\u00e9gimen de Kiev. El bombardeo del pasado 30 de diciembre dej\u00f3 un saldo de 25 muertos y m\u00e1s de 100 heridos.<\/p>\n<p style=\"text-align: justify;\">fm\/rr<\/p>\n","protected":false},"excerpt":{"rendered":"<p>Mosc\u00fa, 2 ene (SANA)\u00a0 Las defensas a\u00e9reas rusas frustraron dos ataques contra la ciudad rusa de B\u00e9lgorod y derrib\u00f3 nueve misiles Olj\u00e1. Asimismo, un hombre muri\u00f3 y al menos cinco personas resultaron heridas por otro ataque ucraniano contra B\u00e9lgorod. Seg\u00fan comunic\u00f3 el gobernador local, Viacheslav Gladkov, la defensa antia\u00e9rea rusa derrib\u00f3 ocho objetivos a\u00e9reos cuando &hellip;<\/p>\n","protected":false},"author":31,"featured_media":318515,"comment_status":"closed","ping_status":"closed","sticky":false,"template":"","format":"standard","meta":{"footnotes":""},"categories":[597,456,16687],"tags":[6695,20357],"class_list":["post-318514","post","type-post","status-publish","format-standard","has-post-thumbnail","","category-cinta-de-noticias","category-arabe-internacional-politica","category-internacionales","tag-rusia","tag-ucrania"],"_links":{"self":[{"href":"https:\/\/archive.sana.sy\/es\/index.php?rest_route=\/wp\/v2\/posts\/318514"}],"collection":[{"href":"https:\/\/archive.sana.sy\/es\/index.php?rest_route=\/wp\/v2\/posts"}],"about":[{"href":"https:\/\/archive.sana.sy\/es\/index.php?rest_route=\/wp\/v2\/types\/post"}],"author":[{"embeddable":true,"href":"https:\/\/archive.sana.sy\/es\/index.php?rest_route=\/wp\/v2\/users\/31"}],"replies":[{"embeddable":true,"href":"https:\/\/archive.sana.sy\/es\/index.php?rest_route=%2Fwp%2Fv2%2Fcomments&post=318514"}],"version-history":[{"count":1,"href":"https:\/\/archive.sana.sy\/es\/index.php?rest_route=\/wp\/v2\/posts\/318514\/revisions"}],"predecessor-version":[{"id":318516,"href":"https:\/\/archive.sana.sy\/es\/index.php?rest_route=\/wp\/v2\/posts\/318514\/revisions\/318516"}],"wp:featuredmedia":[{"embeddable":true,"href":"https:\/\/archive.sana.sy\/es\/index.php?rest_route=\/wp\/v2\/media\/318515"}],"wp:attachment":[{"href":"https:\/\/archive.sana.sy\/es\/index.php?rest_route=%2Fwp%2Fv2%2Fmedia&parent=318514"}],"wp:term":[{"taxonomy":"category","embeddable":true,"href":"https:\/\/archive.sana.sy\/es\/index.php?rest_route=%2Fwp%2Fv2%2Fcategories&post=318514"},{"taxonomy":"post_tag","embeddable":true,"href":"https:\/\/archive.sana.sy\/es\/index.php?rest_route=%2Fwp%2Fv2%2Ftags&post=318514"}],"curies":[{"name":"wp","href":"https:\/\/api.w.org\/{rel}","templated":true}]}}