{"id":318517,"date":"2024-01-02T19:25:10","date_gmt":"2024-01-02T16:25:10","guid":{"rendered":"https:\/\/sana.sy\/es\/?p=318517"},"modified":"2024-01-02T19:54:54","modified_gmt":"2024-01-02T16:54:54","slug":"al-menos-9-drones-terroristas-fueron-destruidos-por-el-ejercito-sirio-en-alepo-idlib-y-hama","status":"publish","type":"post","link":"https:\/\/archive.sana.sy\/es\/?p=318517","title":{"rendered":"Al menos 9 drones terroristas fueron destruidos por el ej\u00e9rcito sirio en Alepo, Idlib y Hama"},"content":{"rendered":"<p style=\"text-align: justify;\"><span style=\"color: #800000;\"><strong>Damasco, 2 ene (SANA)\u00a0 \u00a0<\/strong><\/span>Unidades del Ej\u00e9rcito y las Fuerzas Armadas de Siria logr\u00f3 hoy derribar y destruir nueve drones de las organizaciones terroristas, en las provincias de Alepo, Idlib y Hama, en el centro y noroeste del pa\u00eds.<\/p>\n<p style=\"text-align: justify;\">El Ministerio de Defensa inform\u00f3 por medio de un comunicado, que, con el derribo de estos drones, se frustr\u00f3 un ataque de los radicales contra comunidades civiles y puntos militares.<\/p>\n<p style=\"text-align: justify;\">El 26 de diciembre del \u00faltimo a\u00f1o, los destacamentos del Ej\u00e9rcito y derribaron ocho drones terroristas en las zonas rurales de las provincias de Alepo e Idlib, mientras el d\u00eda 24 del mismo mes fueron derribados siete drones, en las provincias de Alepo y Hama, con que los radicales pretend\u00edan atacar a posiciones militares y comunidades civiles.<\/p>\n<p style=\"text-align: justify;\">A medianos de noviembre pasado, las Fuerzas Armadas de Siria derribaron 14 drones lanzados por grupos radicales desde sus bastiones en la provincia de Idlib.<\/p>\n<div id='gallery-1' class='gallery galleryid-318517 gallery-columns-1 gallery-size-full'><figure class='gallery-item'>\n\t\t\t<div class='gallery-icon landscape'>\n\t\t\t\t<a href='https:\/\/archive.sana.sy\/es\/wp-content\/uploads\/2024\/01\/photo_2024-01-02_18-49-49-3.jpg'><img loading=\"lazy\" decoding=\"async\" width=\"1032\" height=\"774\" src=\"https:\/\/archive.sana.sy\/es\/wp-content\/uploads\/2024\/01\/photo_2024-01-02_18-49-49-3.jpg\" class=\"attachment-full size-full\" alt=\"\" srcset=\"https:\/\/archive.sana.sy\/es\/wp-content\/uploads\/2024\/01\/photo_2024-01-02_18-49-49-3.jpg 1032w, https:\/\/archive.sana.sy\/es\/wp-content\/uploads\/2024\/01\/photo_2024-01-02_18-49-49-3-300x225.jpg 300w, https:\/\/archive.sana.sy\/es\/wp-content\/uploads\/2024\/01\/photo_2024-01-02_18-49-49-3-1024x768.jpg 1024w, https:\/\/archive.sana.sy\/es\/wp-content\/uploads\/2024\/01\/photo_2024-01-02_18-49-49-3-150x113.jpg 150w, https:\/\/archive.sana.sy\/es\/wp-content\/uploads\/2024\/01\/photo_2024-01-02_18-49-49-3-768x576.jpg 768w\" sizes=\"(max-width: 1032px) 100vw, 1032px\" \/><\/a>\n\t\t\t<\/div><\/figure><figure class='gallery-item'>\n\t\t\t<div class='gallery-icon landscape'>\n\t\t\t\t<a href='https:\/\/archive.sana.sy\/es\/wp-content\/uploads\/2024\/01\/photo_2024-01-02_18-49-49-2.jpg'><img loading=\"lazy\" decoding=\"async\" width=\"730\" height=\"479\" src=\"https:\/\/archive.sana.sy\/es\/wp-content\/uploads\/2024\/01\/photo_2024-01-02_18-49-49-2.jpg\" class=\"attachment-full size-full\" alt=\"\" srcset=\"https:\/\/archive.sana.sy\/es\/wp-content\/uploads\/2024\/01\/photo_2024-01-02_18-49-49-2.jpg 730w, https:\/\/archive.sana.sy\/es\/wp-content\/uploads\/2024\/01\/photo_2024-01-02_18-49-49-2-300x197.jpg 300w, https:\/\/archive.sana.sy\/es\/wp-content\/uploads\/2024\/01\/photo_2024-01-02_18-49-49-2-150x98.jpg 150w\" sizes=\"(max-width: 730px) 100vw, 730px\" \/><\/a>\n\t\t\t<\/div><\/figure><figure class='gallery-item'>\n\t\t\t<div class='gallery-icon landscape'>\n\t\t\t\t<a href='https:\/\/archive.sana.sy\/es\/wp-content\/uploads\/2024\/01\/photo_2024-01-02_18-49-49.jpg'><img loading=\"lazy\" decoding=\"async\" width=\"912\" height=\"684\" src=\"https:\/\/archive.sana.sy\/es\/wp-content\/uploads\/2024\/01\/photo_2024-01-02_18-49-49.jpg\" class=\"attachment-full size-full\" alt=\"\" srcset=\"https:\/\/archive.sana.sy\/es\/wp-content\/uploads\/2024\/01\/photo_2024-01-02_18-49-49.jpg 912w, https:\/\/archive.sana.sy\/es\/wp-content\/uploads\/2024\/01\/photo_2024-01-02_18-49-49-300x225.jpg 300w, https:\/\/archive.sana.sy\/es\/wp-content\/uploads\/2024\/01\/photo_2024-01-02_18-49-49-150x113.jpg 150w, https:\/\/archive.sana.sy\/es\/wp-content\/uploads\/2024\/01\/photo_2024-01-02_18-49-49-768x576.jpg 768w\" sizes=\"(max-width: 912px) 100vw, 912px\" \/><\/a>\n\t\t\t<\/div><\/figure>\n\t\t<\/div>\n\n<p style=\"text-align: justify;\">rr\/fm<\/p>\n","protected":false},"excerpt":{"rendered":"<p>Damasco, 2 ene (SANA)\u00a0 \u00a0Unidades del Ej\u00e9rcito y las Fuerzas Armadas de Siria logr\u00f3 hoy derribar y destruir nueve drones de las organizaciones terroristas, en las provincias de Alepo, Idlib y Hama, en el centro y noroeste del pa\u00eds. El Ministerio de Defensa inform\u00f3 por medio de un comunicado, que, con el derribo de estos &hellip;<\/p>\n","protected":false},"author":31,"featured_media":318524,"comment_status":"closed","ping_status":"closed","sticky":false,"template":"","format":"standard","meta":{"footnotes":""},"categories":[597,573,476,583],"tags":[2626,2826,6553],"class_list":["post-318517","post","type-post","status-publish","format-standard","has-post-thumbnail","","category-cinta-de-noticias","category-la-realidad-de-los-acontecimientos-en-siria","category-locales","category-slide","tag-alepo","tag-hama","tag-siria"],"_links":{"self":[{"href":"https:\/\/archive.sana.sy\/es\/index.php?rest_route=\/wp\/v2\/posts\/318517"}],"collection":[{"href":"https:\/\/archive.sana.sy\/es\/index.php?rest_route=\/wp\/v2\/posts"}],"about":[{"href":"https:\/\/archive.sana.sy\/es\/index.php?rest_route=\/wp\/v2\/types\/post"}],"author":[{"embeddable":true,"href":"https:\/\/archive.sana.sy\/es\/index.php?rest_route=\/wp\/v2\/users\/31"}],"replies":[{"embeddable":true,"href":"https:\/\/archive.sana.sy\/es\/index.php?rest_route=%2Fwp%2Fv2%2Fcomments&post=318517"}],"version-history":[{"count":2,"href":"https:\/\/archive.sana.sy\/es\/index.php?rest_route=\/wp\/v2\/posts\/318517\/revisions"}],"predecessor-version":[{"id":318530,"href":"https:\/\/archive.sana.sy\/es\/index.php?rest_route=\/wp\/v2\/posts\/318517\/revisions\/318530"}],"wp:featuredmedia":[{"embeddable":true,"href":"https:\/\/archive.sana.sy\/es\/index.php?rest_route=\/wp\/v2\/media\/318524"}],"wp:attachment":[{"href":"https:\/\/archive.sana.sy\/es\/index.php?rest_route=%2Fwp%2Fv2%2Fmedia&parent=318517"}],"wp:term":[{"taxonomy":"category","embeddable":true,"href":"https:\/\/archive.sana.sy\/es\/index.php?rest_route=%2Fwp%2Fv2%2Fcategories&post=318517"},{"taxonomy":"post_tag","embeddable":true,"href":"https:\/\/archive.sana.sy\/es\/index.php?rest_route=%2Fwp%2Fv2%2Ftags&post=318517"}],"curies":[{"name":"wp","href":"https:\/\/api.w.org\/{rel}","templated":true}]}}