{"id":318531,"date":"2024-01-02T20:28:10","date_gmt":"2024-01-02T17:28:10","guid":{"rendered":"https:\/\/sana.sy\/es\/?p=318531"},"modified":"2024-01-02T20:28:10","modified_gmt":"2024-01-02T17:28:10","slug":"muertos-y-heridos-en-ataque-israeli-con-dron-contra-el-sur-de-libano","status":"publish","type":"post","link":"https:\/\/archive.sana.sy\/es\/?p=318531","title":{"rendered":"Muertos y heridos en ataque israel\u00ed con dron contra el sur de L\u00edbano"},"content":{"rendered":"<p style=\"text-align: justify;\"><span style=\"color: #800000;\"><strong>Beirut, 02 ene (SANA)<\/strong><\/span> Seis personas perdieron la vida y otras resultaron heridas en una explosi\u00f3n en el sur de la capital libanesa Beirut.<\/p>\n<p style=\"text-align: justify;\">\u201cUn dron del ocupante israel\u00ed tuvo como blanco una oficina de la resistencia palestina en el \u00e1rea de Al-Musharafiyeh en el suburbio (Al-Dahiya) al sur del L\u00edbano, provocando la muerte de seis personas\u201d, inform\u00f3 la Agencia Nacional de Noticias Libanesa.<\/p>\n<p style=\"text-align: justify;\">Detall\u00f3 que entre los muertos se encuentra el alto cargo en el movimiento palestino Hamas, Saleh Al-Arouri.<\/p>\n<div id='gallery-1' class='gallery galleryid-318531 gallery-columns-1 gallery-size-full'><figure class='gallery-item'>\n\t\t\t<div class='gallery-icon landscape'>\n\t\t\t\t<a href='https:\/\/archive.sana.sy\/es\/wp-content\/uploads\/2024\/01\/photo_2024-01-02_19-28-53.jpg'><img loading=\"lazy\" decoding=\"async\" width=\"660\" height=\"370\" src=\"https:\/\/archive.sana.sy\/es\/wp-content\/uploads\/2024\/01\/photo_2024-01-02_19-28-53.jpg\" class=\"attachment-full size-full\" alt=\"\" srcset=\"https:\/\/archive.sana.sy\/es\/wp-content\/uploads\/2024\/01\/photo_2024-01-02_19-28-53.jpg 660w, https:\/\/archive.sana.sy\/es\/wp-content\/uploads\/2024\/01\/photo_2024-01-02_19-28-53-300x168.jpg 300w, https:\/\/archive.sana.sy\/es\/wp-content\/uploads\/2024\/01\/photo_2024-01-02_19-28-53-150x84.jpg 150w\" sizes=\"(max-width: 660px) 100vw, 660px\" \/><\/a>\n\t\t\t<\/div><\/figure><figure class='gallery-item'>\n\t\t\t<div class='gallery-icon portrait'>\n\t\t\t\t<a href='https:\/\/archive.sana.sy\/es\/wp-content\/uploads\/2024\/01\/manar-06934160017042124277.jpeg'><img loading=\"lazy\" decoding=\"async\" width=\"1200\" height=\"1600\" src=\"https:\/\/archive.sana.sy\/es\/wp-content\/uploads\/2024\/01\/manar-06934160017042124277.jpeg\" class=\"attachment-full size-full\" alt=\"\" srcset=\"https:\/\/archive.sana.sy\/es\/wp-content\/uploads\/2024\/01\/manar-06934160017042124277.jpeg 1200w, https:\/\/archive.sana.sy\/es\/wp-content\/uploads\/2024\/01\/manar-06934160017042124277-225x300.jpeg 225w, https:\/\/archive.sana.sy\/es\/wp-content\/uploads\/2024\/01\/manar-06934160017042124277-768x1024.jpeg 768w, https:\/\/archive.sana.sy\/es\/wp-content\/uploads\/2024\/01\/manar-06934160017042124277-113x150.jpeg 113w, https:\/\/archive.sana.sy\/es\/wp-content\/uploads\/2024\/01\/manar-06934160017042124277-1152x1536.jpeg 1152w\" sizes=\"(max-width: 1200px) 100vw, 1200px\" \/><\/a>\n\t\t\t<\/div><\/figure>\n\t\t<\/div>\n\n<p style=\"text-align: justify;\">rr\/fm<\/p>\n","protected":false},"excerpt":{"rendered":"<p>Beirut, 02 ene (SANA) Seis personas perdieron la vida y otras resultaron heridas en una explosi\u00f3n en el sur de la capital libanesa Beirut. \u201cUn dron del ocupante israel\u00ed tuvo como blanco una oficina de la resistencia palestina en el \u00e1rea de Al-Musharafiyeh en el suburbio (Al-Dahiya) al sur del L\u00edbano, provocando la muerte de &hellip;<\/p>\n","protected":false},"author":31,"featured_media":318532,"comment_status":"closed","ping_status":"closed","sticky":false,"template":"","format":"standard","meta":{"footnotes":""},"categories":[597,456,16687,7541],"tags":[19740,8542],"class_list":["post-318531","post","type-post","status-publish","format-standard","has-post-thumbnail","","category-cinta-de-noticias","category-arabe-internacional-politica","category-internacionales","category-ultimas-noticias","tag-explosion","tag-libano"],"_links":{"self":[{"href":"https:\/\/archive.sana.sy\/es\/index.php?rest_route=\/wp\/v2\/posts\/318531"}],"collection":[{"href":"https:\/\/archive.sana.sy\/es\/index.php?rest_route=\/wp\/v2\/posts"}],"about":[{"href":"https:\/\/archive.sana.sy\/es\/index.php?rest_route=\/wp\/v2\/types\/post"}],"author":[{"embeddable":true,"href":"https:\/\/archive.sana.sy\/es\/index.php?rest_route=\/wp\/v2\/users\/31"}],"replies":[{"embeddable":true,"href":"https:\/\/archive.sana.sy\/es\/index.php?rest_route=%2Fwp%2Fv2%2Fcomments&post=318531"}],"version-history":[{"count":1,"href":"https:\/\/archive.sana.sy\/es\/index.php?rest_route=\/wp\/v2\/posts\/318531\/revisions"}],"predecessor-version":[{"id":318535,"href":"https:\/\/archive.sana.sy\/es\/index.php?rest_route=\/wp\/v2\/posts\/318531\/revisions\/318535"}],"wp:featuredmedia":[{"embeddable":true,"href":"https:\/\/archive.sana.sy\/es\/index.php?rest_route=\/wp\/v2\/media\/318532"}],"wp:attachment":[{"href":"https:\/\/archive.sana.sy\/es\/index.php?rest_route=%2Fwp%2Fv2%2Fmedia&parent=318531"}],"wp:term":[{"taxonomy":"category","embeddable":true,"href":"https:\/\/archive.sana.sy\/es\/index.php?rest_route=%2Fwp%2Fv2%2Fcategories&post=318531"},{"taxonomy":"post_tag","embeddable":true,"href":"https:\/\/archive.sana.sy\/es\/index.php?rest_route=%2Fwp%2Fv2%2Ftags&post=318531"}],"curies":[{"name":"wp","href":"https:\/\/api.w.org\/{rel}","templated":true}]}}