{"id":318600,"date":"2024-01-03T17:56:08","date_gmt":"2024-01-03T14:56:08","guid":{"rendered":"https:\/\/sana.sy\/es\/?p=318600"},"modified":"2024-01-03T17:56:08","modified_gmt":"2024-01-03T14:56:08","slug":"asciende-a-103-martires-y-141-heridos-el-numero-de-las-victimas-del-doble-atentado-terrorista-que-ocurrio-en-la-provincia-de-kerman-en-el-sur-de-iran-informan-medios-iranies","status":"publish","type":"post","link":"https:\/\/archive.sana.sy\/es\/?p=318600","title":{"rendered":"Asciende a 103 m\u00e1rtires y 141 heridos, el n\u00famero de las v\u00edctimas del doble atentado terrorista que ocurri\u00f3 en la provincia de Kerm\u00e1n, en el sur de Ir\u00e1n, informan medios iran\u00edes."},"content":{"rendered":"","protected":false},"excerpt":{"rendered":"","protected":false},"author":24,"featured_media":0,"comment_status":"closed","ping_status":"closed","sticky":false,"template":"","format":"standard","meta":{"footnotes":""},"categories":[20724],"tags":[],"class_list":["post-318600","post","type-post","status-publish","format-standard","","category-minuto-a-minuto"],"_links":{"self":[{"href":"https:\/\/archive.sana.sy\/es\/index.php?rest_route=\/wp\/v2\/posts\/318600"}],"collection":[{"href":"https:\/\/archive.sana.sy\/es\/index.php?rest_route=\/wp\/v2\/posts"}],"about":[{"href":"https:\/\/archive.sana.sy\/es\/index.php?rest_route=\/wp\/v2\/types\/post"}],"author":[{"embeddable":true,"href":"https:\/\/archive.sana.sy\/es\/index.php?rest_route=\/wp\/v2\/users\/24"}],"replies":[{"embeddable":true,"href":"https:\/\/archive.sana.sy\/es\/index.php?rest_route=%2Fwp%2Fv2%2Fcomments&post=318600"}],"version-history":[{"count":1,"href":"https:\/\/archive.sana.sy\/es\/index.php?rest_route=\/wp\/v2\/posts\/318600\/revisions"}],"predecessor-version":[{"id":318601,"href":"https:\/\/archive.sana.sy\/es\/index.php?rest_route=\/wp\/v2\/posts\/318600\/revisions\/318601"}],"wp:attachment":[{"href":"https:\/\/archive.sana.sy\/es\/index.php?rest_route=%2Fwp%2Fv2%2Fmedia&parent=318600"}],"wp:term":[{"taxonomy":"category","embeddable":true,"href":"https:\/\/archive.sana.sy\/es\/index.php?rest_route=%2Fwp%2Fv2%2Fcategories&post=318600"},{"taxonomy":"post_tag","embeddable":true,"href":"https:\/\/archive.sana.sy\/es\/index.php?rest_route=%2Fwp%2Fv2%2Ftags&post=318600"}],"curies":[{"name":"wp","href":"https:\/\/api.w.org\/{rel}","templated":true}]}}