{"id":318605,"date":"2024-01-03T18:23:11","date_gmt":"2024-01-03T15:23:11","guid":{"rendered":"https:\/\/sana.sy\/es\/?p=318605"},"modified":"2024-01-03T18:23:22","modified_gmt":"2024-01-03T15:23:22","slug":"un-perfumista-sirio-recrea-las-mejores-y-lujosas-fragancias-2","status":"publish","type":"post","link":"https:\/\/archive.sana.sy\/es\/?p=318605","title":{"rendered":"Un perfumista sirio recrea las mejores y lujosas fragancias"},"content":{"rendered":"<blockquote>\n<p style=\"text-align: justify\"><span style=\"color: #993300\">\u00abNo tengo una gran tienda, pero tengo m\u00e1s esencias que una gran f\u00e1brica en Francia, y tengo esta \u2018nariz\u2019, este olfato, que entreno desde que tengo quince a\u00f1os\u00bb<\/span><\/p>\n<\/blockquote>\n<p style=\"text-align: justify\"><span style=\"color: #800000\"><strong>Damasco, 03 ene (SANA)<\/strong><\/span>\u00a0En una tienda del viejo Damasco, Mohamad al-Masri mezcla esencias en decenas de frascos, recreando para su clientela, afectada por la guerra y la crisis econ\u00f3mica, los perfumes de lujo, fueron del alcance de cualquier bolsillo.<\/p>\n<p style=\"text-align: justify\">Seg\u00fan reporte de la agencia AFP, a este especialista de 50 a\u00f1os le basta oler una sola vez un perfume importado para reproducirlo y venderlo a precio mucho m\u00e1s accesible.<\/p>\n<p style=\"text-align: justify\">\u00abNo tengo una gran tienda, pero tengo m\u00e1s esencias que una gran f\u00e1brica en Francia, y tengo esta \u2018nariz\u2019, este olfato, que entreno desde que tengo quince a\u00f1os\u00bb afirma el hombre, bajo y bigotudo, apodado Abu Nur.<\/p>\n<p style=\"text-align: justify\">Su profesi\u00f3n, que ha heredado de t\u00edos maternos, se transmite en la familia desde hace un siglo, y ahora \u00e9l lo ense\u00f1a a su propio hijo.<\/p>\n<p style=\"text-align: justify\">Su min\u00fascula tienda, siempre llena aunque no pueda acoger a m\u00e1s de tres personas a la vez, est\u00e1 situada en el mercado de especias, del que se escapan efluvios de canela y de incienso.<\/p>\n<p style=\"text-align: justify\">Clientes j\u00f3venes y viejos acuden a la tienda, entre ellos Cham al-Falah, de 24 a\u00f1os, que ha venido a pedirle que le componga un perfume similar a una fragancia estadounidense a la que era fiel.<\/p>\n<p style=\"text-align: justify\">\u00abEl perfume para las j\u00f3venes mujeres es algo esencial, es como beber o comer\u00bb afirma esta joven licenciada en gesti\u00f3n, muy elegante bajo su velo color crema.<\/p>\n<p style=\"text-align: justify\">\u00abAntes compraba perfumes extranjeros, pero ahora no me lo puedo permitir, y adem\u00e1s los productos extranjeros importados son cada vez m\u00e1s inaccesibles en Siria\u00bb explica.<\/p>\n<p style=\"text-align: justify\">Algunos clientes fieles vienen de lejos, como Ahmad Dorra, que ha recorrido 50 kil\u00f3metros desde la localidad monta\u00f1osa de Zabadani para comprar cinco frascos de perfume para su familia.<\/p>\n<p style=\"text-align: justify\">\u00abNo s\u00e9 nada de perfumes. Pero tengo total confianza en la \u2018nariz\u2019 de Abu Nur\u00bb, dice este campesino, con la cabeza cubierta con una kufiyya roja, el pa\u00f1uelo palestino.<\/p>\n<p style=\"text-align: justify\"><strong>Tomado de la agencia AFP<\/strong><\/p>\n","protected":false},"excerpt":{"rendered":"<p>\u00abNo tengo una gran tienda, pero tengo m\u00e1s esencias que una gran f\u00e1brica en Francia, y tengo esta \u2018nariz\u2019, este olfato, que entreno desde que tengo quince a\u00f1os\u00bb Damasco, 03 ene (SANA)\u00a0En una tienda del viejo Damasco, Mohamad al-Masri mezcla esencias en decenas de frascos, recreando para su clientela, afectada por la guerra y la &hellip;<\/p>\n","protected":false},"author":24,"featured_media":318606,"comment_status":"closed","ping_status":"closed","sticky":false,"template":"","format":"standard","meta":{"footnotes":""},"categories":[597,510,476,583],"tags":[],"class_list":["post-318605","post","type-post","status-publish","format-standard","has-post-thumbnail","","category-cinta-de-noticias","category-arte-y-cultura","category-locales","category-slide"],"_links":{"self":[{"href":"https:\/\/archive.sana.sy\/es\/index.php?rest_route=\/wp\/v2\/posts\/318605"}],"collection":[{"href":"https:\/\/archive.sana.sy\/es\/index.php?rest_route=\/wp\/v2\/posts"}],"about":[{"href":"https:\/\/archive.sana.sy\/es\/index.php?rest_route=\/wp\/v2\/types\/post"}],"author":[{"embeddable":true,"href":"https:\/\/archive.sana.sy\/es\/index.php?rest_route=\/wp\/v2\/users\/24"}],"replies":[{"embeddable":true,"href":"https:\/\/archive.sana.sy\/es\/index.php?rest_route=%2Fwp%2Fv2%2Fcomments&post=318605"}],"version-history":[{"count":1,"href":"https:\/\/archive.sana.sy\/es\/index.php?rest_route=\/wp\/v2\/posts\/318605\/revisions"}],"predecessor-version":[{"id":318607,"href":"https:\/\/archive.sana.sy\/es\/index.php?rest_route=\/wp\/v2\/posts\/318605\/revisions\/318607"}],"wp:featuredmedia":[{"embeddable":true,"href":"https:\/\/archive.sana.sy\/es\/index.php?rest_route=\/wp\/v2\/media\/318606"}],"wp:attachment":[{"href":"https:\/\/archive.sana.sy\/es\/index.php?rest_route=%2Fwp%2Fv2%2Fmedia&parent=318605"}],"wp:term":[{"taxonomy":"category","embeddable":true,"href":"https:\/\/archive.sana.sy\/es\/index.php?rest_route=%2Fwp%2Fv2%2Fcategories&post=318605"},{"taxonomy":"post_tag","embeddable":true,"href":"https:\/\/archive.sana.sy\/es\/index.php?rest_route=%2Fwp%2Fv2%2Ftags&post=318605"}],"curies":[{"name":"wp","href":"https:\/\/api.w.org\/{rel}","templated":true}]}}