{"id":318611,"date":"2024-01-03T19:05:09","date_gmt":"2024-01-03T16:05:09","guid":{"rendered":"https:\/\/sana.sy\/es\/?p=318611"},"modified":"2024-01-03T19:18:51","modified_gmt":"2024-01-03T16:18:51","slug":"resistencia-libanesa-ataca-con-misiles-burkan-sitios-israelies-en-el-norte-de-palestina-ocupada","status":"publish","type":"post","link":"https:\/\/archive.sana.sy\/es\/?p=318611","title":{"rendered":"Resistencia libanesa ataca con misiles Burkan sitios israel\u00edes en el norte de Palestina ocupada"},"content":{"rendered":"<p style=\"text-align: justify\"><span style=\"color: #800000\"><strong>Beirut, 03 ene (SANA)<\/strong> <\/span>La Resistencia Libanesa atac\u00f3 hoy dos posiciones israel\u00edes en Jal al-Alam y las cercan\u00edas de al-Malikiyeh en el norte de Palestina ocupada, logrando alcanzar metas directas.<\/p>\n<p style=\"text-align: justify\">En un comunicado, la Resistencia aclar\u00f3 que estos ataques vienen \u201cEn apoyo al pueblo palestino en la Franja de Gaza y a valiente y honorable resistencia, los combatientes de la resistencia\u201d.<\/p>\n<p style=\"text-align: justify\">En otra declaraci\u00f3n agreg\u00f3 que sus combatientes atacaron con un misil \u201cBurkan\u201d una concentraci\u00f3n de soldados israel\u00edes en las afueras del sitio de al-Malikiyah, y lograron infligir bajas entre sus filas.<\/p>\n<p>&nbsp;<\/p>\n<p style=\"text-align: justify\">la<\/p>\n","protected":false},"excerpt":{"rendered":"<p>Beirut, 03 ene (SANA) La Resistencia Libanesa atac\u00f3 hoy dos posiciones israel\u00edes en Jal al-Alam y las cercan\u00edas de al-Malikiyeh en el norte de Palestina ocupada, logrando alcanzar metas directas. En un comunicado, la Resistencia aclar\u00f3 que estos ataques vienen \u201cEn apoyo al pueblo palestino en la Franja de Gaza y a valiente y honorable &hellip;<\/p>\n","protected":false},"author":24,"featured_media":318612,"comment_status":"closed","ping_status":"closed","sticky":false,"template":"","format":"standard","meta":{"footnotes":""},"categories":[597,456,16687,20724,7541],"tags":[12002,22455],"class_list":["post-318611","post","type-post","status-publish","format-standard","has-post-thumbnail","","category-cinta-de-noticias","category-arabe-internacional-politica","category-internacionales","category-minuto-a-minuto","category-ultimas-noticias","tag-gaza","tag-resistencia-libanesa"],"_links":{"self":[{"href":"https:\/\/archive.sana.sy\/es\/index.php?rest_route=\/wp\/v2\/posts\/318611"}],"collection":[{"href":"https:\/\/archive.sana.sy\/es\/index.php?rest_route=\/wp\/v2\/posts"}],"about":[{"href":"https:\/\/archive.sana.sy\/es\/index.php?rest_route=\/wp\/v2\/types\/post"}],"author":[{"embeddable":true,"href":"https:\/\/archive.sana.sy\/es\/index.php?rest_route=\/wp\/v2\/users\/24"}],"replies":[{"embeddable":true,"href":"https:\/\/archive.sana.sy\/es\/index.php?rest_route=%2Fwp%2Fv2%2Fcomments&post=318611"}],"version-history":[{"count":3,"href":"https:\/\/archive.sana.sy\/es\/index.php?rest_route=\/wp\/v2\/posts\/318611\/revisions"}],"predecessor-version":[{"id":318615,"href":"https:\/\/archive.sana.sy\/es\/index.php?rest_route=\/wp\/v2\/posts\/318611\/revisions\/318615"}],"wp:featuredmedia":[{"embeddable":true,"href":"https:\/\/archive.sana.sy\/es\/index.php?rest_route=\/wp\/v2\/media\/318612"}],"wp:attachment":[{"href":"https:\/\/archive.sana.sy\/es\/index.php?rest_route=%2Fwp%2Fv2%2Fmedia&parent=318611"}],"wp:term":[{"taxonomy":"category","embeddable":true,"href":"https:\/\/archive.sana.sy\/es\/index.php?rest_route=%2Fwp%2Fv2%2Fcategories&post=318611"},{"taxonomy":"post_tag","embeddable":true,"href":"https:\/\/archive.sana.sy\/es\/index.php?rest_route=%2Fwp%2Fv2%2Ftags&post=318611"}],"curies":[{"name":"wp","href":"https:\/\/api.w.org\/{rel}","templated":true}]}}